{"id":3962,"date":"2021-05-05T13:11:37","date_gmt":"2021-05-05T11:11:37","guid":{"rendered":"https:\/\/agora.xtec.cat\/ceip-dolorsalmeda-cornella\/?p=3962"},"modified":"2021-05-11T09:19:21","modified_gmt":"2021-05-11T07:19:21","slug":"treballem-la-nutricio-humana","status":"publish","type":"post","link":"https:\/\/agora.xtec.cat\/ceip-dolorsalmeda-cornella\/general\/treballem-la-nutricio-humana\/","title":{"rendered":"Treballem la nutrici\u00f3 humana"},"content":{"rendered":"<p style=\"text-align: justify;\">Aquestes darreres setmanes els infants de 4t de Prim\u00e0ria s&#8217;han convertit\u00a0 en vertaders investigadors de la nutrici\u00f3 humana. Gr\u00e0cies a la seva const\u00e0ncia, dedicaci\u00f3, treball i inter\u00e8s els nens i les nenes han apr\u00e8s com es nodreix el cos hum\u00e0: qu\u00e8 s\u00f3n els nutrients, quins necessitem per estar correctament nodrits, com interpretar la pir\u00e0mide dels aliments i com funciona i quines\u00a0 parts formen els aparells digestiu, respiratori, circulatori i excretor.<\/p>\n<p style=\"text-align: justify;\">Tots aquests aprenentatges s&#8217;han dut a terme a partir de l&#8217;observaci\u00f3 directa i el treball manipulatiu i cooperatiu. Els i les alumnes, en petits grups, han estat els encarregats de crear una maqueta d&#8217;un aparell concret amb tot tipus de materials (plastilina, tubs de pl\u00e0stic, canyetes, llana, globus&#8230;) aix\u00ed com d&#8217;explicar a la resta de companys i companyes el funcionament del mateix. Una activitat que ha propiciat\u00a0 l&#8217;aprenentatge significatiu.<\/p>\n<p style=\"text-align: justify;\">Us deixem unes fotos de mostra, per\u00f2 ja sabeu que en trobareu m\u00e9s al drive compartit de cada classe.<\/p>\n<p><a href=\"https:\/\/agora.xtec.cat\/ceip-dolorsalmeda-cornella\/wp-content\/uploads\/usu30\/2021\/05\/7.jpg\"><img loading=\"lazy\" decoding=\"async\" class=\"alignnone wp-image-3980\" src=\"https:\/\/agora.xtec.cat\/ceip-dolorsalmeda-cornella\/wp-content\/uploads\/usu30\/2021\/05\/7-1024x768.jpg\" alt=\"\" width=\"355\" height=\"267\" srcset=\"https:\/\/agora.xtec.cat\/ceip-dolorsalmeda-cornella\/wp-content\/uploads\/usu30\/2021\/05\/7-1024x768.jpg 1024w, https:\/\/agora.xtec.cat\/ceip-dolorsalmeda-cornella\/wp-content\/uploads\/usu30\/2021\/05\/7-300x225.jpg 300w, https:\/\/agora.xtec.cat\/ceip-dolorsalmeda-cornella\/wp-content\/uploads\/usu30\/2021\/05\/7-768x576.jpg 768w, https:\/\/agora.xtec.cat\/ceip-dolorsalmeda-cornella\/wp-content\/uploads\/usu30\/2021\/05\/7-200x150.jpg 200w\" sizes=\"auto, (max-width: 355px) 100vw, 355px\" \/><\/a><a href=\"https:\/\/agora.xtec.cat\/ceip-dolorsalmeda-cornella\/wp-content\/uploads\/usu30\/2021\/05\/6.jpg\"><img loading=\"lazy\" decoding=\"async\" class=\"alignnone wp-image-3979\" src=\"https:\/\/agora.xtec.cat\/ceip-dolorsalmeda-cornella\/wp-content\/uploads\/usu30\/2021\/05\/6-1024x768.jpg\" alt=\"\" width=\"367\" height=\"275\" srcset=\"https:\/\/agora.xtec.cat\/ceip-dolorsalmeda-cornella\/wp-content\/uploads\/usu30\/2021\/05\/6-1024x768.jpg 1024w, https:\/\/agora.xtec.cat\/ceip-dolorsalmeda-cornella\/wp-content\/uploads\/usu30\/2021\/05\/6-300x225.jpg 300w, https:\/\/agora.xtec.cat\/ceip-dolorsalmeda-cornella\/wp-content\/uploads\/usu30\/2021\/05\/6-768x576.jpg 768w, https:\/\/agora.xtec.cat\/ceip-dolorsalmeda-cornella\/wp-content\/uploads\/usu30\/2021\/05\/6-200x150.jpg 200w\" sizes=\"auto, (max-width: 367px) 100vw, 367px\" \/><\/a><a href=\"https:\/\/agora.xtec.cat\/ceip-dolorsalmeda-cornella\/wp-content\/uploads\/usu30\/2021\/05\/5.jpg\"><img loading=\"lazy\" decoding=\"async\" class=\"alignnone wp-image-3978\" src=\"https:\/\/agora.xtec.cat\/ceip-dolorsalmeda-cornella\/wp-content\/uploads\/usu30\/2021\/05\/5-1024x725.jpg\" alt=\"\" width=\"358\" height=\"253\" srcset=\"https:\/\/agora.xtec.cat\/ceip-dolorsalmeda-cornella\/wp-content\/uploads\/usu30\/2021\/05\/5-1024x725.jpg 1024w, https:\/\/agora.xtec.cat\/ceip-dolorsalmeda-cornella\/wp-content\/uploads\/usu30\/2021\/05\/5-300x213.jpg 300w, https:\/\/agora.xtec.cat\/ceip-dolorsalmeda-cornella\/wp-content\/uploads\/usu30\/2021\/05\/5-768x544.jpg 768w\" sizes=\"auto, (max-width: 358px) 100vw, 358px\" \/><\/a><a href=\"https:\/\/agora.xtec.cat\/ceip-dolorsalmeda-cornella\/wp-content\/uploads\/usu30\/2021\/05\/4.jpg\"><img loading=\"lazy\" decoding=\"async\" class=\"alignnone wp-image-3977\" src=\"https:\/\/agora.xtec.cat\/ceip-dolorsalmeda-cornella\/wp-content\/uploads\/usu30\/2021\/05\/4-1024x689.jpg\" alt=\"\" width=\"376\" height=\"254\" srcset=\"https:\/\/agora.xtec.cat\/ceip-dolorsalmeda-cornella\/wp-content\/uploads\/usu30\/2021\/05\/4-1024x689.jpg 1024w, https:\/\/agora.xtec.cat\/ceip-dolorsalmeda-cornella\/wp-content\/uploads\/usu30\/2021\/05\/4-300x202.jpg 300w, https:\/\/agora.xtec.cat\/ceip-dolorsalmeda-cornella\/wp-content\/uploads\/usu30\/2021\/05\/4-768x517.jpg 768w\" sizes=\"auto, (max-width: 376px) 100vw, 376px\" \/><\/a><a href=\"https:\/\/agora.xtec.cat\/ceip-dolorsalmeda-cornella\/wp-content\/uploads\/usu30\/2021\/05\/2.jpg\"><img loading=\"lazy\" decoding=\"async\" class=\"alignnone wp-image-3975\" src=\"https:\/\/agora.xtec.cat\/ceip-dolorsalmeda-cornella\/wp-content\/uploads\/usu30\/2021\/05\/2-1024x664.jpg\" alt=\"\" width=\"376\" height=\"244\" srcset=\"https:\/\/agora.xtec.cat\/ceip-dolorsalmeda-cornella\/wp-content\/uploads\/usu30\/2021\/05\/2-1024x664.jpg 1024w, https:\/\/agora.xtec.cat\/ceip-dolorsalmeda-cornella\/wp-content\/uploads\/usu30\/2021\/05\/2-300x195.jpg 300w, https:\/\/agora.xtec.cat\/ceip-dolorsalmeda-cornella\/wp-content\/uploads\/usu30\/2021\/05\/2-768x498.jpg 768w\" sizes=\"auto, (max-width: 376px) 100vw, 376px\" \/><\/a><a href=\"https:\/\/agora.xtec.cat\/ceip-dolorsalmeda-cornella\/wp-content\/uploads\/usu30\/2021\/05\/1.jpg\"><img loading=\"lazy\" decoding=\"async\" class=\"alignnone wp-image-3974\" src=\"https:\/\/agora.xtec.cat\/ceip-dolorsalmeda-cornella\/wp-content\/uploads\/usu30\/2021\/05\/1-1024x734.jpg\" alt=\"\" width=\"363\" height=\"260\" srcset=\"https:\/\/agora.xtec.cat\/ceip-dolorsalmeda-cornella\/wp-content\/uploads\/usu30\/2021\/05\/1-1024x734.jpg 1024w, https:\/\/agora.xtec.cat\/ceip-dolorsalmeda-cornella\/wp-content\/uploads\/usu30\/2021\/05\/1-300x215.jpg 300w, https:\/\/agora.xtec.cat\/ceip-dolorsalmeda-cornella\/wp-content\/uploads\/usu30\/2021\/05\/1-768x551.jpg 768w\" sizes=\"auto, (max-width: 363px) 100vw, 363px\" \/><\/a><a href=\"https:\/\/agora.xtec.cat\/ceip-dolorsalmeda-cornella\/wp-content\/uploads\/usu30\/2021\/05\/3.jpg\"><img loading=\"lazy\" decoding=\"async\" class=\"alignnone wp-image-3976\" src=\"https:\/\/agora.xtec.cat\/ceip-dolorsalmeda-cornella\/wp-content\/uploads\/usu30\/2021\/05\/3-1024x548.jpg\" alt=\"\" width=\"385\" height=\"207\" srcset=\"https:\/\/agora.xtec.cat\/ceip-dolorsalmeda-cornella\/wp-content\/uploads\/usu30\/2021\/05\/3-1024x548.jpg 1024w, https:\/\/agora.xtec.cat\/ceip-dolorsalmeda-cornella\/wp-content\/uploads\/usu30\/2021\/05\/3-300x161.jpg 300w, https:\/\/agora.xtec.cat\/ceip-dolorsalmeda-cornella\/wp-content\/uploads\/usu30\/2021\/05\/3-768x411.jpg 768w\" sizes=\"auto, (max-width: 385px) 100vw, 385px\" \/><\/a><a href=\"https:\/\/agora.xtec.cat\/ceip-dolorsalmeda-cornella\/wp-content\/uploads\/usu30\/2021\/05\/8.jpg\"><img loading=\"lazy\" decoding=\"async\" class=\"alignnone wp-image-3981\" src=\"https:\/\/agora.xtec.cat\/ceip-dolorsalmeda-cornella\/wp-content\/uploads\/usu30\/2021\/05\/8-1024x615.jpg\" alt=\"\" width=\"349\" height=\"209\" srcset=\"https:\/\/agora.xtec.cat\/ceip-dolorsalmeda-cornella\/wp-content\/uploads\/usu30\/2021\/05\/8-1024x615.jpg 1024w, https:\/\/agora.xtec.cat\/ceip-dolorsalmeda-cornella\/wp-content\/uploads\/usu30\/2021\/05\/8-300x180.jpg 300w, https:\/\/agora.xtec.cat\/ceip-dolorsalmeda-cornella\/wp-content\/uploads\/usu30\/2021\/05\/8-768x461.jpg 768w, https:\/\/agora.xtec.cat\/ceip-dolorsalmeda-cornella\/wp-content\/uploads\/usu30\/2021\/05\/8.jpg 1936w\" sizes=\"auto, (max-width: 349px) 100vw, 349px\" \/><\/a><\/p>\n<p>&nbsp;<\/p>\n","protected":false},"excerpt":{"rendered":"<p>Aquestes darreres setmanes els infants de 4t de Prim\u00e0ria s&#8217;han convertit\u00a0 en vertaders investigadors de la nutrici\u00f3 humana. Gr\u00e0cies a la seva const\u00e0ncia, dedicaci\u00f3, treball i inter\u00e8s els nens i les nenes han apr\u00e8s com es nodreix el cos hum\u00e0: qu\u00e8 s\u00f3n els nutrients, quins&hellip;  <a href=\"https:\/\/agora.xtec.cat\/ceip-dolorsalmeda-cornella\/general\/treballem-la-nutricio-humana\/\" title=\"Read Treballem la nutrici\u00f3 humana\">Llegeix m\u00e9s\u00bb<\/a><\/p>\n","protected":false},"author":1,"featured_media":3982,"comment_status":"open","ping_status":"closed","sticky":false,"template":"","format":"standard","meta":{"_bbp_topic_count":0,"_bbp_reply_count":0,"_bbp_total_topic_count":0,"_bbp_total_reply_count":0,"_bbp_voice_count":0,"_bbp_anonymous_reply_count":0,"_bbp_topic_count_hidden":0,"_bbp_reply_count_hidden":0,"_bbp_forum_subforum_count":0,"footnotes":""},"categories":[13,1,5],"tags":[],"class_list":["post-3962","post","type-post","status-publish","format-standard","has-post-thumbnail","hentry","category-4t","category-general","category-primaria"],"post_mailing_queue_ids":[],"_links":{"self":[{"href":"https:\/\/agora.xtec.cat\/ceip-dolorsalmeda-cornella\/wp-json\/wp\/v2\/posts\/3962","targetHints":{"allow":["GET"]}}],"collection":[{"href":"https:\/\/agora.xtec.cat\/ceip-dolorsalmeda-cornella\/wp-json\/wp\/v2\/posts"}],"about":[{"href":"https:\/\/agora.xtec.cat\/ceip-dolorsalmeda-cornella\/wp-json\/wp\/v2\/types\/post"}],"author":[{"embeddable":true,"href":"https:\/\/agora.xtec.cat\/ceip-dolorsalmeda-cornella\/wp-json\/wp\/v2\/users\/1"}],"replies":[{"embeddable":true,"href":"https:\/\/agora.xtec.cat\/ceip-dolorsalmeda-cornella\/wp-json\/wp\/v2\/comments?post=3962"}],"version-history":[{"count":4,"href":"https:\/\/agora.xtec.cat\/ceip-dolorsalmeda-cornella\/wp-json\/wp\/v2\/posts\/3962\/revisions"}],"predecessor-version":[{"id":3990,"href":"https:\/\/agora.xtec.cat\/ceip-dolorsalmeda-cornella\/wp-json\/wp\/v2\/posts\/3962\/revisions\/3990"}],"wp:featuredmedia":[{"embeddable":true,"href":"https:\/\/agora.xtec.cat\/ceip-dolorsalmeda-cornella\/wp-json\/wp\/v2\/media\/3982"}],"wp:attachment":[{"href":"https:\/\/agora.xtec.cat\/ceip-dolorsalmeda-cornella\/wp-json\/wp\/v2\/media?parent=3962"}],"wp:term":[{"taxonomy":"category","embeddable":true,"href":"https:\/\/agora.xtec.cat\/ceip-dolorsalmeda-cornella\/wp-json\/wp\/v2\/categories?post=3962"},{"taxonomy":"post_tag","embeddable":true,"href":"https:\/\/agora.xtec.cat\/ceip-dolorsalmeda-cornella\/wp-json\/wp\/v2\/tags?post=3962"}],"curies":[{"name":"wp","href":"https:\/\/api.w.org\/{rel}","templated":true}]}}