{"id":3923,"date":"2021-04-29T18:56:44","date_gmt":"2021-04-29T16:56:44","guid":{"rendered":"https:\/\/agora.xtec.cat\/ceip-dolorsalmeda-cornella\/?p=3923"},"modified":"2021-04-29T19:02:14","modified_gmt":"2021-04-29T17:02:14","slug":"2n-dia-a-can-ribas","status":"publish","type":"post","link":"https:\/\/agora.xtec.cat\/ceip-dolorsalmeda-cornella\/general\/2n-dia-a-can-ribas\/","title":{"rendered":"2n dia a Can Ribas"},"content":{"rendered":"<p style=\"text-align: justify;\">Doncs sembla que el temps s&#8217;est\u00e0 comportant i encara que avui el dia ha despertat gris i humit, de seguida s&#8217;ha obert i hem gaudit fins i tot d&#8217;estones de sol.<\/p>\n<p style=\"text-align: justify;\">Continuant amb el viatge per l&#8217;espai, els nens i nenes han seguit gaudint d&#8217;aquest segon dia de col\u00f2nies amb els tallers, jocs i experiments que el grup de monitors i monitores &#8220;Can Ribas&#8221; ens han preparat.<\/p>\n<p>Tal i com ten\u00edem previst i puntual com un clau <em>Vladimimir<\/em>, l&#8217;astronauta espacial, ha arribat per explicar-nos coses molt interessants que anir\u00edem descobrint al llarg del dia. Al Planetari, els infants han viatjat a les estrelles, planetes i constel\u00b7lacions, han conegut secrets de l&#8217;espai i sobretot, durant tot el dia, han jugat i passat grans estones\u00a0 a l&#8217;aire lliure.<\/p>\n<p>Aquesta nit, de ben segur que els nens i nenes cauran exhaustes als llits, per\u00f2 molt alegres de comptar amb aquesta gran experi\u00e8ncia que ja forma part de les seves petites per\u00f2 inoblidables<span style=\"font-family: inherit; font-size: 1em;\">\u00a0hist\u00f2ries .\u00a0<\/span><\/p>\n<p>Bona nit!<\/p>\n<p><a href=\"https:\/\/agora.xtec.cat\/ceip-dolorsalmeda-cornella\/wp-content\/uploads\/usu30\/2021\/04\/1ra1.jpg\"><img loading=\"lazy\" decoding=\"async\" class=\"alignnone wp-image-3924\" src=\"https:\/\/agora.xtec.cat\/ceip-dolorsalmeda-cornella\/wp-content\/uploads\/usu30\/2021\/04\/1ra1-1024x768.jpg\" alt=\"\" width=\"358\" height=\"269\" srcset=\"https:\/\/agora.xtec.cat\/ceip-dolorsalmeda-cornella\/wp-content\/uploads\/usu30\/2021\/04\/1ra1-1024x768.jpg 1024w, https:\/\/agora.xtec.cat\/ceip-dolorsalmeda-cornella\/wp-content\/uploads\/usu30\/2021\/04\/1ra1-300x225.jpg 300w, https:\/\/agora.xtec.cat\/ceip-dolorsalmeda-cornella\/wp-content\/uploads\/usu30\/2021\/04\/1ra1-768x576.jpg 768w, https:\/\/agora.xtec.cat\/ceip-dolorsalmeda-cornella\/wp-content\/uploads\/usu30\/2021\/04\/1ra1-200x150.jpg 200w, https:\/\/agora.xtec.cat\/ceip-dolorsalmeda-cornella\/wp-content\/uploads\/usu30\/2021\/04\/1ra1.jpg 1280w\" sizes=\"auto, (max-width: 358px) 100vw, 358px\" \/><\/a> <a href=\"https:\/\/agora.xtec.cat\/ceip-dolorsalmeda-cornella\/wp-content\/uploads\/usu30\/2021\/04\/1ra2.jpg\"><img loading=\"lazy\" decoding=\"async\" class=\"alignnone wp-image-3925\" src=\"https:\/\/agora.xtec.cat\/ceip-dolorsalmeda-cornella\/wp-content\/uploads\/usu30\/2021\/04\/1ra2-1024x768.jpg\" alt=\"\" width=\"360\" height=\"270\" srcset=\"https:\/\/agora.xtec.cat\/ceip-dolorsalmeda-cornella\/wp-content\/uploads\/usu30\/2021\/04\/1ra2-1024x768.jpg 1024w, https:\/\/agora.xtec.cat\/ceip-dolorsalmeda-cornella\/wp-content\/uploads\/usu30\/2021\/04\/1ra2-300x225.jpg 300w, https:\/\/agora.xtec.cat\/ceip-dolorsalmeda-cornella\/wp-content\/uploads\/usu30\/2021\/04\/1ra2-768x576.jpg 768w, https:\/\/agora.xtec.cat\/ceip-dolorsalmeda-cornella\/wp-content\/uploads\/usu30\/2021\/04\/1ra2-200x150.jpg 200w, https:\/\/agora.xtec.cat\/ceip-dolorsalmeda-cornella\/wp-content\/uploads\/usu30\/2021\/04\/1ra2.jpg 1280w\" sizes=\"auto, (max-width: 360px) 100vw, 360px\" \/><\/a> <a href=\"https:\/\/agora.xtec.cat\/ceip-dolorsalmeda-cornella\/wp-content\/uploads\/usu30\/2021\/04\/1ra3.jpg\"><img loading=\"lazy\" decoding=\"async\" class=\"wp-image-3926 alignleft\" src=\"https:\/\/agora.xtec.cat\/ceip-dolorsalmeda-cornella\/wp-content\/uploads\/usu30\/2021\/04\/1ra3-1024x768.jpg\" alt=\"\" width=\"369\" height=\"277\" srcset=\"https:\/\/agora.xtec.cat\/ceip-dolorsalmeda-cornella\/wp-content\/uploads\/usu30\/2021\/04\/1ra3-1024x768.jpg 1024w, https:\/\/agora.xtec.cat\/ceip-dolorsalmeda-cornella\/wp-content\/uploads\/usu30\/2021\/04\/1ra3-300x225.jpg 300w, https:\/\/agora.xtec.cat\/ceip-dolorsalmeda-cornella\/wp-content\/uploads\/usu30\/2021\/04\/1ra3-768x576.jpg 768w, https:\/\/agora.xtec.cat\/ceip-dolorsalmeda-cornella\/wp-content\/uploads\/usu30\/2021\/04\/1ra3-200x150.jpg 200w, https:\/\/agora.xtec.cat\/ceip-dolorsalmeda-cornella\/wp-content\/uploads\/usu30\/2021\/04\/1ra3.jpg 1280w\" sizes=\"auto, (max-width: 369px) 100vw, 369px\" \/><\/a><\/p>\n<p><a href=\"https:\/\/agora.xtec.cat\/ceip-dolorsalmeda-cornella\/wp-content\/uploads\/usu30\/2021\/04\/IMG_6427-min.jpeg\"><img loading=\"lazy\" decoding=\"async\" class=\"alignnone wp-image-3932\" src=\"https:\/\/agora.xtec.cat\/ceip-dolorsalmeda-cornella\/wp-content\/uploads\/usu30\/2021\/04\/IMG_6427-min-1024x768.jpeg\" alt=\"\" width=\"340\" height=\"255\" srcset=\"https:\/\/agora.xtec.cat\/ceip-dolorsalmeda-cornella\/wp-content\/uploads\/usu30\/2021\/04\/IMG_6427-min-1024x768.jpeg 1024w, https:\/\/agora.xtec.cat\/ceip-dolorsalmeda-cornella\/wp-content\/uploads\/usu30\/2021\/04\/IMG_6427-min-300x225.jpeg 300w, https:\/\/agora.xtec.cat\/ceip-dolorsalmeda-cornella\/wp-content\/uploads\/usu30\/2021\/04\/IMG_6427-min-768x576.jpeg 768w, https:\/\/agora.xtec.cat\/ceip-dolorsalmeda-cornella\/wp-content\/uploads\/usu30\/2021\/04\/IMG_6427-min-200x150.jpeg 200w\" sizes=\"auto, (max-width: 340px) 100vw, 340px\" \/><\/a><a href=\"https:\/\/agora.xtec.cat\/ceip-dolorsalmeda-cornella\/wp-content\/uploads\/usu30\/2021\/04\/3ra-2-min.jpg\"><img loading=\"lazy\" decoding=\"async\" class=\"alignnone wp-image-3928\" src=\"https:\/\/agora.xtec.cat\/ceip-dolorsalmeda-cornella\/wp-content\/uploads\/usu30\/2021\/04\/3ra-2-min-1024x576.jpg\" alt=\"\" width=\"364\" height=\"205\" srcset=\"https:\/\/agora.xtec.cat\/ceip-dolorsalmeda-cornella\/wp-content\/uploads\/usu30\/2021\/04\/3ra-2-min-1024x576.jpg 1024w, https:\/\/agora.xtec.cat\/ceip-dolorsalmeda-cornella\/wp-content\/uploads\/usu30\/2021\/04\/3ra-2-min-300x169.jpg 300w, https:\/\/agora.xtec.cat\/ceip-dolorsalmeda-cornella\/wp-content\/uploads\/usu30\/2021\/04\/3ra-2-min-768x432.jpg 768w\" sizes=\"auto, (max-width: 364px) 100vw, 364px\" \/><\/a><a href=\"https:\/\/agora.xtec.cat\/ceip-dolorsalmeda-cornella\/wp-content\/uploads\/usu30\/2021\/04\/IMG_6364-min.jpeg\"><img loading=\"lazy\" decoding=\"async\" class=\"wp-image-3931 alignnone\" src=\"https:\/\/agora.xtec.cat\/ceip-dolorsalmeda-cornella\/wp-content\/uploads\/usu30\/2021\/04\/IMG_6364-min-1024x768.jpeg\" alt=\"\" width=\"306\" height=\"230\" srcset=\"https:\/\/agora.xtec.cat\/ceip-dolorsalmeda-cornella\/wp-content\/uploads\/usu30\/2021\/04\/IMG_6364-min-1024x768.jpeg 1024w, https:\/\/agora.xtec.cat\/ceip-dolorsalmeda-cornella\/wp-content\/uploads\/usu30\/2021\/04\/IMG_6364-min-300x225.jpeg 300w, https:\/\/agora.xtec.cat\/ceip-dolorsalmeda-cornella\/wp-content\/uploads\/usu30\/2021\/04\/IMG_6364-min-768x576.jpeg 768w, https:\/\/agora.xtec.cat\/ceip-dolorsalmeda-cornella\/wp-content\/uploads\/usu30\/2021\/04\/IMG_6364-min-200x150.jpeg 200w\" sizes=\"auto, (max-width: 306px) 100vw, 306px\" \/>\u00a0 \u00a0<\/a><a href=\"https:\/\/agora.xtec.cat\/ceip-dolorsalmeda-cornella\/wp-content\/uploads\/usu30\/2021\/04\/IMG_6414-min.jpeg\"><img loading=\"lazy\" decoding=\"async\" class=\"wp-image-3933 alignright\" src=\"https:\/\/agora.xtec.cat\/ceip-dolorsalmeda-cornella\/wp-content\/uploads\/usu30\/2021\/04\/IMG_6414-min-768x1024.jpeg\" alt=\"\" width=\"311\" height=\"415\" srcset=\"https:\/\/agora.xtec.cat\/ceip-dolorsalmeda-cornella\/wp-content\/uploads\/usu30\/2021\/04\/IMG_6414-min-768x1024.jpeg 768w, https:\/\/agora.xtec.cat\/ceip-dolorsalmeda-cornella\/wp-content\/uploads\/usu30\/2021\/04\/IMG_6414-min-225x300.jpeg 225w\" sizes=\"auto, (max-width: 311px) 100vw, 311px\" \/><\/a><\/p>\n<p><a href=\"https:\/\/agora.xtec.cat\/ceip-dolorsalmeda-cornella\/wp-content\/uploads\/usu30\/2021\/04\/3ra-1-min.jpg\">\u00a0 <\/a> <img loading=\"lazy\" decoding=\"async\" class=\"wp-image-3927 alignleft\" src=\"https:\/\/agora.xtec.cat\/ceip-dolorsalmeda-cornella\/wp-content\/uploads\/usu30\/2021\/04\/3ra-1-min-1024x576.jpg\" alt=\"\" width=\"372\" height=\"209\" srcset=\"https:\/\/agora.xtec.cat\/ceip-dolorsalmeda-cornella\/wp-content\/uploads\/usu30\/2021\/04\/3ra-1-min-1024x576.jpg 1024w, https:\/\/agora.xtec.cat\/ceip-dolorsalmeda-cornella\/wp-content\/uploads\/usu30\/2021\/04\/3ra-1-min-300x169.jpg 300w, https:\/\/agora.xtec.cat\/ceip-dolorsalmeda-cornella\/wp-content\/uploads\/usu30\/2021\/04\/3ra-1-min-768x432.jpg 768w\" sizes=\"auto, (max-width: 372px) 100vw, 372px\" \/> <a href=\"https:\/\/agora.xtec.cat\/ceip-dolorsalmeda-cornella\/wp-content\/uploads\/usu30\/2021\/04\/3ra-3-min.jpg\"><img loading=\"lazy\" decoding=\"async\" class=\"wp-image-3929 alignleft\" src=\"https:\/\/agora.xtec.cat\/ceip-dolorsalmeda-cornella\/wp-content\/uploads\/usu30\/2021\/04\/3ra-3-min-1024x576.jpg\" alt=\"\" width=\"382\" height=\"215\" srcset=\"https:\/\/agora.xtec.cat\/ceip-dolorsalmeda-cornella\/wp-content\/uploads\/usu30\/2021\/04\/3ra-3-min-1024x576.jpg 1024w, https:\/\/agora.xtec.cat\/ceip-dolorsalmeda-cornella\/wp-content\/uploads\/usu30\/2021\/04\/3ra-3-min-300x169.jpg 300w, https:\/\/agora.xtec.cat\/ceip-dolorsalmeda-cornella\/wp-content\/uploads\/usu30\/2021\/04\/3ra-3-min-768x432.jpg 768w\" sizes=\"auto, (max-width: 382px) 100vw, 382px\" \/><\/a><\/p>\n<p><a href=\"https:\/\/agora.xtec.cat\/ceip-dolorsalmeda-cornella\/wp-content\/uploads\/usu30\/2021\/04\/3rb3.jpg\">\u00a0 \u00a0 \u00a0 \u00a0 \u00a0 \u00a0 \u00a0 \u00a0 \u00a0 <\/a><a href=\"https:\/\/agora.xtec.cat\/ceip-dolorsalmeda-cornella\/wp-content\/uploads\/usu30\/2021\/04\/3rb3-2.jpg\"><img loading=\"lazy\" decoding=\"async\" class=\"wp-image-3938 alignleft\" src=\"https:\/\/agora.xtec.cat\/ceip-dolorsalmeda-cornella\/wp-content\/uploads\/usu30\/2021\/04\/3rb3-2-1024x768.jpg\" alt=\"\" width=\"349\" height=\"262\" srcset=\"https:\/\/agora.xtec.cat\/ceip-dolorsalmeda-cornella\/wp-content\/uploads\/usu30\/2021\/04\/3rb3-2-1024x768.jpg 1024w, https:\/\/agora.xtec.cat\/ceip-dolorsalmeda-cornella\/wp-content\/uploads\/usu30\/2021\/04\/3rb3-2-300x225.jpg 300w, https:\/\/agora.xtec.cat\/ceip-dolorsalmeda-cornella\/wp-content\/uploads\/usu30\/2021\/04\/3rb3-2-768x576.jpg 768w, https:\/\/agora.xtec.cat\/ceip-dolorsalmeda-cornella\/wp-content\/uploads\/usu30\/2021\/04\/3rb3-2-200x150.jpg 200w, https:\/\/agora.xtec.cat\/ceip-dolorsalmeda-cornella\/wp-content\/uploads\/usu30\/2021\/04\/3rb3-2.jpg 1280w\" sizes=\"auto, (max-width: 349px) 100vw, 349px\" \/><\/a><a href=\"https:\/\/agora.xtec.cat\/ceip-dolorsalmeda-cornella\/wp-content\/uploads\/usu30\/2021\/04\/3rb3.jpg\"><img loading=\"lazy\" decoding=\"async\" class=\"wp-image-3935 alignleft\" src=\"https:\/\/agora.xtec.cat\/ceip-dolorsalmeda-cornella\/wp-content\/uploads\/usu30\/2021\/04\/3rb3-768x1024.jpg\" alt=\"\" width=\"229\" height=\"306\" srcset=\"https:\/\/agora.xtec.cat\/ceip-dolorsalmeda-cornella\/wp-content\/uploads\/usu30\/2021\/04\/3rb3.jpg 768w, https:\/\/agora.xtec.cat\/ceip-dolorsalmeda-cornella\/wp-content\/uploads\/usu30\/2021\/04\/3rb3-225x300.jpg 225w\" sizes=\"auto, (max-width: 229px) 100vw, 229px\" \/><\/a> \u00a0\u00a0 \u00a0\u00a0 \u00a0 <a href=\"https:\/\/agora.xtec.cat\/ceip-dolorsalmeda-cornella\/wp-content\/uploads\/usu30\/2021\/04\/3rb1.jpg\"><img loading=\"lazy\" decoding=\"async\" class=\"wp-image-3937 alignleft\" src=\"https:\/\/agora.xtec.cat\/ceip-dolorsalmeda-cornella\/wp-content\/uploads\/usu30\/2021\/04\/3rb1-768x1024.jpg\" alt=\"\" width=\"225\" height=\"300\" srcset=\"https:\/\/agora.xtec.cat\/ceip-dolorsalmeda-cornella\/wp-content\/uploads\/usu30\/2021\/04\/3rb1.jpg 768w, https:\/\/agora.xtec.cat\/ceip-dolorsalmeda-cornella\/wp-content\/uploads\/usu30\/2021\/04\/3rb1-225x300.jpg 225w\" sizes=\"auto, (max-width: 225px) 100vw, 225px\" \/><\/a><\/p>\n<p>&nbsp;<\/p>\n","protected":false},"excerpt":{"rendered":"<p>Doncs sembla que el temps s&#8217;est\u00e0 comportant i encara que avui el dia ha despertat gris i humit, de seguida s&#8217;ha obert i hem gaudit fins i tot d&#8217;estones de sol.<br \/>\nContinuant amb el viatge per l&#8217;espai, els nens i nenes han seguit gaudint d&#8217;aquest segon&hellip;  <a href=\"https:\/\/agora.xtec.cat\/ceip-dolorsalmeda-cornella\/general\/2n-dia-a-can-ribas\/\" title=\"Read 2n dia a Can Ribas\">Llegeix m\u00e9s\u00bb<\/a><\/p>\n","protected":false},"author":6,"featured_media":3934,"comment_status":"open","ping_status":"closed","sticky":false,"template":"","format":"standard","meta":{"_bbp_topic_count":0,"_bbp_reply_count":0,"_bbp_total_topic_count":0,"_bbp_total_reply_count":0,"_bbp_voice_count":0,"_bbp_anonymous_reply_count":0,"_bbp_topic_count_hidden":0,"_bbp_reply_count_hidden":0,"_bbp_forum_subforum_count":0,"footnotes":""},"categories":[10,12,1,4,5],"tags":[141],"class_list":["post-3923","post","type-post","status-publish","format-standard","has-post-thumbnail","hentry","category-1r","category-3r","category-general","category-portada","category-primaria","tag-colonies"],"post_mailing_queue_ids":[],"_links":{"self":[{"href":"https:\/\/agora.xtec.cat\/ceip-dolorsalmeda-cornella\/wp-json\/wp\/v2\/posts\/3923","targetHints":{"allow":["GET"]}}],"collection":[{"href":"https:\/\/agora.xtec.cat\/ceip-dolorsalmeda-cornella\/wp-json\/wp\/v2\/posts"}],"about":[{"href":"https:\/\/agora.xtec.cat\/ceip-dolorsalmeda-cornella\/wp-json\/wp\/v2\/types\/post"}],"author":[{"embeddable":true,"href":"https:\/\/agora.xtec.cat\/ceip-dolorsalmeda-cornella\/wp-json\/wp\/v2\/users\/6"}],"replies":[{"embeddable":true,"href":"https:\/\/agora.xtec.cat\/ceip-dolorsalmeda-cornella\/wp-json\/wp\/v2\/comments?post=3923"}],"version-history":[{"count":2,"href":"https:\/\/agora.xtec.cat\/ceip-dolorsalmeda-cornella\/wp-json\/wp\/v2\/posts\/3923\/revisions"}],"predecessor-version":[{"id":3940,"href":"https:\/\/agora.xtec.cat\/ceip-dolorsalmeda-cornella\/wp-json\/wp\/v2\/posts\/3923\/revisions\/3940"}],"wp:featuredmedia":[{"embeddable":true,"href":"https:\/\/agora.xtec.cat\/ceip-dolorsalmeda-cornella\/wp-json\/wp\/v2\/media\/3934"}],"wp:attachment":[{"href":"https:\/\/agora.xtec.cat\/ceip-dolorsalmeda-cornella\/wp-json\/wp\/v2\/media?parent=3923"}],"wp:term":[{"taxonomy":"category","embeddable":true,"href":"https:\/\/agora.xtec.cat\/ceip-dolorsalmeda-cornella\/wp-json\/wp\/v2\/categories?post=3923"},{"taxonomy":"post_tag","embeddable":true,"href":"https:\/\/agora.xtec.cat\/ceip-dolorsalmeda-cornella\/wp-json\/wp\/v2\/tags?post=3923"}],"curies":[{"name":"wp","href":"https:\/\/api.w.org\/{rel}","templated":true}]}}