{"id":3901,"date":"2021-04-28T21:16:18","date_gmt":"2021-04-28T19:16:18","guid":{"rendered":"https:\/\/agora.xtec.cat\/ceip-dolorsalmeda-cornella\/?p=3901"},"modified":"2021-04-29T17:01:39","modified_gmt":"2021-04-29T15:01:39","slug":"colonies-a-can-ribas","status":"publish","type":"post","link":"https:\/\/agora.xtec.cat\/ceip-dolorsalmeda-cornella\/general\/colonies-a-can-ribas\/","title":{"rendered":"Col\u00f2nies a Can Ribas"},"content":{"rendered":"<p style=\"text-align: right;\">Despr\u00e9s de tant de temps esperant, per fi ha arribat el dia tan anhelat. Hem arribat a Can Ribas, una preciosa casa de col\u00f2nies situada en un entorn id\u00edl\u00b7lic a Bigues i Riells.<\/p>\n<p style=\"text-align: justify;\">En arribar els monitors i monitores ens han rebut amb un apetit\u00f3s esmorzar que ens hem cruspit en un tres i no res. Un cop hem agafat forces ens hem instal\u00b7lat a les habitacions.<\/p>\n<p style=\"text-align: justify;\">El dia ha comen\u00e7at amb un cel encapotat i un lleu plovisqueig per\u00f2, de seguida ha parat i hem pogut gaudir de l&#8217;exterior amb unes activitats relacionades amb l&#8217;Univers i el Sistema Solar.<\/p>\n<p style=\"text-align: justify;\">Els infants de primer han comen\u00e7at el dia en un espai l\u00fadic on han gaudit d&#8217;un joc que consistia en arribar al Sol despr\u00e9s de superar unes petites proves per equips. Tamb\u00e9 han hagut de trobar el diari perdut al laberint de l&#8217;astronauta Vladimir que ens visitar\u00e0 dem\u00e0.<\/p>\n<p style=\"text-align: justify;\"><a href=\"https:\/\/agora.xtec.cat\/ceip-dolorsalmeda-cornella\/wp-content\/uploads\/usu30\/2021\/04\/1r-a-1.jpg\"><img loading=\"lazy\" decoding=\"async\" class=\"alignnone wp-image-3904\" src=\"https:\/\/agora.xtec.cat\/ceip-dolorsalmeda-cornella\/wp-content\/uploads\/usu30\/2021\/04\/1r-a-1-1024x768.jpg\" alt=\"\" width=\"267\" height=\"200\" srcset=\"https:\/\/agora.xtec.cat\/ceip-dolorsalmeda-cornella\/wp-content\/uploads\/usu30\/2021\/04\/1r-a-1-1024x768.jpg 1024w, https:\/\/agora.xtec.cat\/ceip-dolorsalmeda-cornella\/wp-content\/uploads\/usu30\/2021\/04\/1r-a-1-300x225.jpg 300w, https:\/\/agora.xtec.cat\/ceip-dolorsalmeda-cornella\/wp-content\/uploads\/usu30\/2021\/04\/1r-a-1-768x576.jpg 768w, https:\/\/agora.xtec.cat\/ceip-dolorsalmeda-cornella\/wp-content\/uploads\/usu30\/2021\/04\/1r-a-1-200x150.jpg 200w, https:\/\/agora.xtec.cat\/ceip-dolorsalmeda-cornella\/wp-content\/uploads\/usu30\/2021\/04\/1r-a-1.jpg 1599w\" sizes=\"auto, (max-width: 267px) 100vw, 267px\" \/><\/a> <a href=\"https:\/\/agora.xtec.cat\/ceip-dolorsalmeda-cornella\/wp-content\/uploads\/usu30\/2021\/04\/1r-a-2.jpg\"><img loading=\"lazy\" decoding=\"async\" class=\"alignnone wp-image-3905\" src=\"https:\/\/agora.xtec.cat\/ceip-dolorsalmeda-cornella\/wp-content\/uploads\/usu30\/2021\/04\/1r-a-2-1024x768.jpg\" alt=\"\" width=\"263\" height=\"197\" srcset=\"https:\/\/agora.xtec.cat\/ceip-dolorsalmeda-cornella\/wp-content\/uploads\/usu30\/2021\/04\/1r-a-2-1024x768.jpg 1024w, https:\/\/agora.xtec.cat\/ceip-dolorsalmeda-cornella\/wp-content\/uploads\/usu30\/2021\/04\/1r-a-2-300x225.jpg 300w, https:\/\/agora.xtec.cat\/ceip-dolorsalmeda-cornella\/wp-content\/uploads\/usu30\/2021\/04\/1r-a-2-768x576.jpg 768w, https:\/\/agora.xtec.cat\/ceip-dolorsalmeda-cornella\/wp-content\/uploads\/usu30\/2021\/04\/1r-a-2-200x150.jpg 200w, https:\/\/agora.xtec.cat\/ceip-dolorsalmeda-cornella\/wp-content\/uploads\/usu30\/2021\/04\/1r-a-2.jpg 1280w\" sizes=\"auto, (max-width: 263px) 100vw, 263px\" \/><\/a> <a href=\"https:\/\/agora.xtec.cat\/ceip-dolorsalmeda-cornella\/wp-content\/uploads\/usu30\/2021\/04\/1r-a-3.jpg\"><img loading=\"lazy\" decoding=\"async\" class=\"alignnone wp-image-3906\" src=\"https:\/\/agora.xtec.cat\/ceip-dolorsalmeda-cornella\/wp-content\/uploads\/usu30\/2021\/04\/1r-a-3.jpg\" alt=\"\" width=\"200\" height=\"266\" srcset=\"https:\/\/agora.xtec.cat\/ceip-dolorsalmeda-cornella\/wp-content\/uploads\/usu30\/2021\/04\/1r-a-3.jpg 481w, https:\/\/agora.xtec.cat\/ceip-dolorsalmeda-cornella\/wp-content\/uploads\/usu30\/2021\/04\/1r-a-3-225x300.jpg 225w\" sizes=\"auto, (max-width: 200px) 100vw, 200px\" \/><\/a> <a href=\"https:\/\/agora.xtec.cat\/ceip-dolorsalmeda-cornella\/wp-content\/uploads\/usu30\/2021\/04\/1r-b-2.jpg\"><img loading=\"lazy\" decoding=\"async\" class=\"alignnone wp-image-3907\" src=\"https:\/\/agora.xtec.cat\/ceip-dolorsalmeda-cornella\/wp-content\/uploads\/usu30\/2021\/04\/1r-b-2-1024x768.jpg\" alt=\"\" width=\"259\" height=\"195\" srcset=\"https:\/\/agora.xtec.cat\/ceip-dolorsalmeda-cornella\/wp-content\/uploads\/usu30\/2021\/04\/1r-b-2-1024x768.jpg 1024w, https:\/\/agora.xtec.cat\/ceip-dolorsalmeda-cornella\/wp-content\/uploads\/usu30\/2021\/04\/1r-b-2-300x225.jpg 300w, https:\/\/agora.xtec.cat\/ceip-dolorsalmeda-cornella\/wp-content\/uploads\/usu30\/2021\/04\/1r-b-2-768x576.jpg 768w, https:\/\/agora.xtec.cat\/ceip-dolorsalmeda-cornella\/wp-content\/uploads\/usu30\/2021\/04\/1r-b-2-200x150.jpg 200w, https:\/\/agora.xtec.cat\/ceip-dolorsalmeda-cornella\/wp-content\/uploads\/usu30\/2021\/04\/1r-b-2.jpg 1280w\" sizes=\"auto, (max-width: 259px) 100vw, 259px\" \/><\/a> \u00a0\u00a0 \u00a0\u00a0 \u00a0\u00a0 \u00a0\u00a0 \u00a0\u00a0 \u00a0\u00a0 \u00a0\u00a0 \u00a0\u00a0 \u00a0\u00a0 <a href=\"https:\/\/agora.xtec.cat\/ceip-dolorsalmeda-cornella\/wp-content\/uploads\/usu30\/2021\/04\/1r-b-3.jpg\"><img loading=\"lazy\" decoding=\"async\" class=\"alignnone wp-image-3908\" src=\"https:\/\/agora.xtec.cat\/ceip-dolorsalmeda-cornella\/wp-content\/uploads\/usu30\/2021\/04\/1r-b-3-1024x768.jpg\" alt=\"\" width=\"260\" height=\"195\" srcset=\"https:\/\/agora.xtec.cat\/ceip-dolorsalmeda-cornella\/wp-content\/uploads\/usu30\/2021\/04\/1r-b-3-1024x768.jpg 1024w, https:\/\/agora.xtec.cat\/ceip-dolorsalmeda-cornella\/wp-content\/uploads\/usu30\/2021\/04\/1r-b-3-300x225.jpg 300w, https:\/\/agora.xtec.cat\/ceip-dolorsalmeda-cornella\/wp-content\/uploads\/usu30\/2021\/04\/1r-b-3-768x576.jpg 768w, https:\/\/agora.xtec.cat\/ceip-dolorsalmeda-cornella\/wp-content\/uploads\/usu30\/2021\/04\/1r-b-3-200x150.jpg 200w, https:\/\/agora.xtec.cat\/ceip-dolorsalmeda-cornella\/wp-content\/uploads\/usu30\/2021\/04\/1r-b-3.jpg 1280w\" sizes=\"auto, (max-width: 260px) 100vw, 260px\" \/><\/a> <a href=\"https:\/\/agora.xtec.cat\/ceip-dolorsalmeda-cornella\/wp-content\/uploads\/usu30\/2021\/04\/1rb-1.jpg\"><img loading=\"lazy\" decoding=\"async\" class=\"wp-image-3909 aligncenter\" src=\"https:\/\/agora.xtec.cat\/ceip-dolorsalmeda-cornella\/wp-content\/uploads\/usu30\/2021\/04\/1rb-1-1024x473.jpg\" alt=\"\" width=\"461\" height=\"213\" srcset=\"https:\/\/agora.xtec.cat\/ceip-dolorsalmeda-cornella\/wp-content\/uploads\/usu30\/2021\/04\/1rb-1-1024x473.jpg 1024w, https:\/\/agora.xtec.cat\/ceip-dolorsalmeda-cornella\/wp-content\/uploads\/usu30\/2021\/04\/1rb-1-300x139.jpg 300w, https:\/\/agora.xtec.cat\/ceip-dolorsalmeda-cornella\/wp-content\/uploads\/usu30\/2021\/04\/1rb-1-768x355.jpg 768w, https:\/\/agora.xtec.cat\/ceip-dolorsalmeda-cornella\/wp-content\/uploads\/usu30\/2021\/04\/1rb-1.jpg 1792w\" sizes=\"auto, (max-width: 461px) 100vw, 461px\" \/><\/a><\/p>\n<p style=\"text-align: justify;\">Els nens i nenes de tercer han\u00a0 fet una cursa d&#8217;orientaci\u00f3 amb br\u00faixoles i pistes que els ha portat a desxifrar un missatge secret. Tamb\u00e9 s&#8217;han convertit en petits astronautes i han hagut d&#8217;entrenar\u00a0 l&#8217;habilitat, la mem\u00f2ria i la\u00a0 punteria a trav\u00e9s d&#8217;uns divertits jocs.<\/p>\n<p style=\"text-align: justify;\">Despr\u00e9s de sopar ens esperen els jocs de nit!!! Els infants hauran de tornar al cel unes estrelles que han caigut del firmament. Avui, de ben segur,\u00a0 tots i totes dormiran profundament. Dem\u00e0 ens espera un altre dia molt intens!<\/p>\n<p style=\"text-align: justify;\"><a href=\"https:\/\/agora.xtec.cat\/ceip-dolorsalmeda-cornella\/wp-content\/uploads\/usu30\/2021\/04\/thumbnail_PHOTO-2021-04-28-17-51-41.jpg\"><img loading=\"lazy\" decoding=\"async\" class=\"alignnone wp-image-3910\" src=\"https:\/\/agora.xtec.cat\/ceip-dolorsalmeda-cornella\/wp-content\/uploads\/usu30\/2021\/04\/thumbnail_PHOTO-2021-04-28-17-51-41-1024x576.jpg\" alt=\"\" width=\"357\" height=\"201\" srcset=\"https:\/\/agora.xtec.cat\/ceip-dolorsalmeda-cornella\/wp-content\/uploads\/usu30\/2021\/04\/thumbnail_PHOTO-2021-04-28-17-51-41-1024x576.jpg 1024w, https:\/\/agora.xtec.cat\/ceip-dolorsalmeda-cornella\/wp-content\/uploads\/usu30\/2021\/04\/thumbnail_PHOTO-2021-04-28-17-51-41-300x169.jpg 300w, https:\/\/agora.xtec.cat\/ceip-dolorsalmeda-cornella\/wp-content\/uploads\/usu30\/2021\/04\/thumbnail_PHOTO-2021-04-28-17-51-41-768x432.jpg 768w, https:\/\/agora.xtec.cat\/ceip-dolorsalmeda-cornella\/wp-content\/uploads\/usu30\/2021\/04\/thumbnail_PHOTO-2021-04-28-17-51-41.jpg 1280w\" sizes=\"auto, (max-width: 357px) 100vw, 357px\" \/><\/a> <a href=\"https:\/\/agora.xtec.cat\/ceip-dolorsalmeda-cornella\/wp-content\/uploads\/usu30\/2021\/04\/3r-a-3.jpg\"><img loading=\"lazy\" decoding=\"async\" class=\"alignnone wp-image-3912\" src=\"https:\/\/agora.xtec.cat\/ceip-dolorsalmeda-cornella\/wp-content\/uploads\/usu30\/2021\/04\/3r-a-3-1024x576.jpg\" alt=\"\" width=\"361\" height=\"203\" srcset=\"https:\/\/agora.xtec.cat\/ceip-dolorsalmeda-cornella\/wp-content\/uploads\/usu30\/2021\/04\/3r-a-3-1024x576.jpg 1024w, https:\/\/agora.xtec.cat\/ceip-dolorsalmeda-cornella\/wp-content\/uploads\/usu30\/2021\/04\/3r-a-3-300x169.jpg 300w, https:\/\/agora.xtec.cat\/ceip-dolorsalmeda-cornella\/wp-content\/uploads\/usu30\/2021\/04\/3r-a-3-768x432.jpg 768w, https:\/\/agora.xtec.cat\/ceip-dolorsalmeda-cornella\/wp-content\/uploads\/usu30\/2021\/04\/3r-a-3.jpg 1600w\" sizes=\"auto, (max-width: 361px) 100vw, 361px\" \/><\/a> <a href=\"https:\/\/agora.xtec.cat\/ceip-dolorsalmeda-cornella\/wp-content\/uploads\/usu30\/2021\/04\/3r-a-2.jpg\"><img loading=\"lazy\" decoding=\"async\" class=\"wp-image-3911 aligncenter\" src=\"https:\/\/agora.xtec.cat\/ceip-dolorsalmeda-cornella\/wp-content\/uploads\/usu30\/2021\/04\/3r-a-2-576x1024.jpg\" alt=\"\" width=\"233\" height=\"415\" srcset=\"https:\/\/agora.xtec.cat\/ceip-dolorsalmeda-cornella\/wp-content\/uploads\/usu30\/2021\/04\/3r-a-2-576x1024.jpg 576w, https:\/\/agora.xtec.cat\/ceip-dolorsalmeda-cornella\/wp-content\/uploads\/usu30\/2021\/04\/3r-a-2-169x300.jpg 169w, https:\/\/agora.xtec.cat\/ceip-dolorsalmeda-cornella\/wp-content\/uploads\/usu30\/2021\/04\/3r-a-2-768x1365.jpg 768w, https:\/\/agora.xtec.cat\/ceip-dolorsalmeda-cornella\/wp-content\/uploads\/usu30\/2021\/04\/3r-a-2.jpg 900w\" sizes=\"auto, (max-width: 233px) 100vw, 233px\" \/><\/a><\/p>\n<p style=\"text-align: justify;\"><a href=\"https:\/\/agora.xtec.cat\/ceip-dolorsalmeda-cornella\/wp-content\/uploads\/usu30\/2021\/04\/3r-b-1.jpg\"><img loading=\"lazy\" decoding=\"async\" class=\"alignnone wp-image-3913\" src=\"https:\/\/agora.xtec.cat\/ceip-dolorsalmeda-cornella\/wp-content\/uploads\/usu30\/2021\/04\/3r-b-1-1024x576.jpg\" alt=\"\" width=\"344\" height=\"193\" srcset=\"https:\/\/agora.xtec.cat\/ceip-dolorsalmeda-cornella\/wp-content\/uploads\/usu30\/2021\/04\/3r-b-1-1024x576.jpg 1024w, https:\/\/agora.xtec.cat\/ceip-dolorsalmeda-cornella\/wp-content\/uploads\/usu30\/2021\/04\/3r-b-1-300x169.jpg 300w, https:\/\/agora.xtec.cat\/ceip-dolorsalmeda-cornella\/wp-content\/uploads\/usu30\/2021\/04\/3r-b-1-768x432.jpg 768w, https:\/\/agora.xtec.cat\/ceip-dolorsalmeda-cornella\/wp-content\/uploads\/usu30\/2021\/04\/3r-b-1.jpg 1280w\" sizes=\"auto, (max-width: 344px) 100vw, 344px\" \/><\/a> <a href=\"https:\/\/agora.xtec.cat\/ceip-dolorsalmeda-cornella\/wp-content\/uploads\/usu30\/2021\/04\/3r-b-2.jpg\"><img loading=\"lazy\" decoding=\"async\" class=\"alignnone wp-image-3914\" src=\"https:\/\/agora.xtec.cat\/ceip-dolorsalmeda-cornella\/wp-content\/uploads\/usu30\/2021\/04\/3r-b-2-1024x768.jpg\" alt=\"\" width=\"263\" height=\"197\" srcset=\"https:\/\/agora.xtec.cat\/ceip-dolorsalmeda-cornella\/wp-content\/uploads\/usu30\/2021\/04\/3r-b-2-1024x768.jpg 1024w, https:\/\/agora.xtec.cat\/ceip-dolorsalmeda-cornella\/wp-content\/uploads\/usu30\/2021\/04\/3r-b-2-300x225.jpg 300w, https:\/\/agora.xtec.cat\/ceip-dolorsalmeda-cornella\/wp-content\/uploads\/usu30\/2021\/04\/3r-b-2-768x576.jpg 768w, https:\/\/agora.xtec.cat\/ceip-dolorsalmeda-cornella\/wp-content\/uploads\/usu30\/2021\/04\/3r-b-2-200x150.jpg 200w, https:\/\/agora.xtec.cat\/ceip-dolorsalmeda-cornella\/wp-content\/uploads\/usu30\/2021\/04\/3r-b-2.jpg 1280w\" sizes=\"auto, (max-width: 263px) 100vw, 263px\" \/><\/a> <a href=\"https:\/\/agora.xtec.cat\/ceip-dolorsalmeda-cornella\/wp-content\/uploads\/usu30\/2021\/04\/3rb-3.jpg\"><img loading=\"lazy\" decoding=\"async\" class=\"wp-image-3915 aligncenter\" src=\"https:\/\/agora.xtec.cat\/ceip-dolorsalmeda-cornella\/wp-content\/uploads\/usu30\/2021\/04\/3rb-3-1024x768.jpg\" alt=\"\" width=\"314\" height=\"236\" srcset=\"https:\/\/agora.xtec.cat\/ceip-dolorsalmeda-cornella\/wp-content\/uploads\/usu30\/2021\/04\/3rb-3-1024x768.jpg 1024w, https:\/\/agora.xtec.cat\/ceip-dolorsalmeda-cornella\/wp-content\/uploads\/usu30\/2021\/04\/3rb-3-300x225.jpg 300w, https:\/\/agora.xtec.cat\/ceip-dolorsalmeda-cornella\/wp-content\/uploads\/usu30\/2021\/04\/3rb-3-768x576.jpg 768w, https:\/\/agora.xtec.cat\/ceip-dolorsalmeda-cornella\/wp-content\/uploads\/usu30\/2021\/04\/3rb-3-200x150.jpg 200w, https:\/\/agora.xtec.cat\/ceip-dolorsalmeda-cornella\/wp-content\/uploads\/usu30\/2021\/04\/3rb-3.jpg 1280w\" sizes=\"auto, (max-width: 314px) 100vw, 314px\" \/><\/a><\/p>\n","protected":false},"excerpt":{"rendered":"<p>Despr\u00e9s de tant de temps esperant, per fi ha arribat el dia tan anhelat. Hem arribat a Can Ribas, una preciosa casa de col\u00f2nies situada en un entorn id\u00edl\u00b7lic a Bigues i Riells.<br \/>\nEn arribar els monitors i monitores ens han rebut amb un apetit\u00f3s esmorzar&hellip;  <a href=\"https:\/\/agora.xtec.cat\/ceip-dolorsalmeda-cornella\/general\/colonies-a-can-ribas\/\" title=\"Read Col\u00f2nies a Can Ribas\">Llegeix m\u00e9s\u00bb<\/a><\/p>\n","protected":false},"author":6,"featured_media":3903,"comment_status":"open","ping_status":"closed","sticky":false,"template":"","format":"standard","meta":{"_bbp_topic_count":0,"_bbp_reply_count":0,"_bbp_total_topic_count":0,"_bbp_total_reply_count":0,"_bbp_voice_count":0,"_bbp_anonymous_reply_count":0,"_bbp_topic_count_hidden":0,"_bbp_reply_count_hidden":0,"_bbp_forum_subforum_count":0,"footnotes":""},"categories":[10,12,1,4,5],"tags":[141],"class_list":["post-3901","post","type-post","status-publish","format-standard","has-post-thumbnail","hentry","category-1r","category-3r","category-general","category-portada","category-primaria","tag-colonies"],"post_mailing_queue_ids":[],"_links":{"self":[{"href":"https:\/\/agora.xtec.cat\/ceip-dolorsalmeda-cornella\/wp-json\/wp\/v2\/posts\/3901","targetHints":{"allow":["GET"]}}],"collection":[{"href":"https:\/\/agora.xtec.cat\/ceip-dolorsalmeda-cornella\/wp-json\/wp\/v2\/posts"}],"about":[{"href":"https:\/\/agora.xtec.cat\/ceip-dolorsalmeda-cornella\/wp-json\/wp\/v2\/types\/post"}],"author":[{"embeddable":true,"href":"https:\/\/agora.xtec.cat\/ceip-dolorsalmeda-cornella\/wp-json\/wp\/v2\/users\/6"}],"replies":[{"embeddable":true,"href":"https:\/\/agora.xtec.cat\/ceip-dolorsalmeda-cornella\/wp-json\/wp\/v2\/comments?post=3901"}],"version-history":[{"count":3,"href":"https:\/\/agora.xtec.cat\/ceip-dolorsalmeda-cornella\/wp-json\/wp\/v2\/posts\/3901\/revisions"}],"predecessor-version":[{"id":3922,"href":"https:\/\/agora.xtec.cat\/ceip-dolorsalmeda-cornella\/wp-json\/wp\/v2\/posts\/3901\/revisions\/3922"}],"wp:featuredmedia":[{"embeddable":true,"href":"https:\/\/agora.xtec.cat\/ceip-dolorsalmeda-cornella\/wp-json\/wp\/v2\/media\/3903"}],"wp:attachment":[{"href":"https:\/\/agora.xtec.cat\/ceip-dolorsalmeda-cornella\/wp-json\/wp\/v2\/media?parent=3901"}],"wp:term":[{"taxonomy":"category","embeddable":true,"href":"https:\/\/agora.xtec.cat\/ceip-dolorsalmeda-cornella\/wp-json\/wp\/v2\/categories?post=3901"},{"taxonomy":"post_tag","embeddable":true,"href":"https:\/\/agora.xtec.cat\/ceip-dolorsalmeda-cornella\/wp-json\/wp\/v2\/tags?post=3901"}],"curies":[{"name":"wp","href":"https:\/\/api.w.org\/{rel}","templated":true}]}}