{"id":3802,"date":"2021-04-23T16:24:29","date_gmt":"2021-04-23T14:24:29","guid":{"rendered":"https:\/\/agora.xtec.cat\/ceip-dolorsalmeda-cornella\/?p=3802"},"modified":"2021-04-23T16:24:29","modified_gmt":"2021-04-23T14:24:29","slug":"contacontes-per-sant-jordi","status":"publish","type":"post","link":"https:\/\/agora.xtec.cat\/ceip-dolorsalmeda-cornella\/general\/contacontes-per-sant-jordi\/","title":{"rendered":"Contacontes per Sant Jordi"},"content":{"rendered":"<p style=\"text-align: justify;\">A l&#8217;escola \u00e9s tradici\u00f3 celebrar un contacontes per Sant Jordi organitzat per l&#8217;AMPA i les fam\u00edlies. Adaptant-nos\u00a0 a les noves circumst\u00e0ncies, aquest curs hem tingut l&#8217;activitat online. Alumnes i mares van preparar uns fant\u00e0stics contes que ens van explicar amb molta gr\u00e0cia i il\u00b7lusi\u00f3\u00a0 omplint de m\u00e0gia l&#8217;escenari virtual i aconseguint traspassar la pantalla fins a les nostres llars.<\/p>\n<p style=\"text-align: justify;\">Narrar contes \u00e9s un art per s\u00ed mateix per\u00f2 tamb\u00e9 t\u00e9 una finalitat pedag\u00f2gica. Els contes ens ajuden a transmetre valors, a abordar sentiments i estats d&#8217;\u00e0nims, a aprendre infinitat de conceptes, a ampliar el nostres coneixements, a desenvolupar la imaginaci\u00f3, creativitat i fantasia &#8230;.. I\u00a0 el m\u00e9s important de tot, \u00e9s un gran moment de trobar-se amb l&#8217;altre i de compartir.<\/p>\n<p style=\"text-align: justify;\">Contacontes: la millor forma de fomentar el gust per la lectura;\u00a0 una trobada que s&#8217;ha celebrat des dels inicis de la paraula.<\/p>\n<p>Gr\u00e0cies a totes les persones que ho han fet possible.<\/p>\n","protected":false},"excerpt":{"rendered":"<p>A l&#8217;escola \u00e9s tradici\u00f3 celebrar un contacontes per Sant Jordi organitzat per l&#8217;AMPA i les fam\u00edlies. Adaptant-nos\u00a0 a les noves circumst\u00e0ncies, aquest curs hem tingut l&#8217;activitat online. Alumnes i mares van preparar uns fant\u00e0stics contes que ens van explicar amb molta gr\u00e0cia i il\u00b7lusi\u00f3\u00a0 omplint&hellip;  <a href=\"https:\/\/agora.xtec.cat\/ceip-dolorsalmeda-cornella\/general\/contacontes-per-sant-jordi\/\" title=\"Read Contacontes per Sant Jordi\">Llegeix m\u00e9s\u00bb<\/a><\/p>\n","protected":false},"author":6,"featured_media":3804,"comment_status":"open","ping_status":"closed","sticky":false,"template":"","format":"standard","meta":{"_bbp_topic_count":0,"_bbp_reply_count":0,"_bbp_total_topic_count":0,"_bbp_total_reply_count":0,"_bbp_voice_count":0,"_bbp_anonymous_reply_count":0,"_bbp_topic_count_hidden":0,"_bbp_reply_count_hidden":0,"_bbp_forum_subforum_count":0,"footnotes":""},"categories":[10,11,12,13,14,15,7,1,3,8,9,2,4,5],"tags":[78],"class_list":["post-3802","post","type-post","status-publish","format-standard","has-post-thumbnail","hentry","category-1r","category-2n","category-3r","category-4t","category-5e","category-6e","category-ampa","category-general","category-i3","category-i4","category-i5","category-infantil","category-portada","category-primaria","tag-contes"],"post_mailing_queue_ids":[],"_links":{"self":[{"href":"https:\/\/agora.xtec.cat\/ceip-dolorsalmeda-cornella\/wp-json\/wp\/v2\/posts\/3802","targetHints":{"allow":["GET"]}}],"collection":[{"href":"https:\/\/agora.xtec.cat\/ceip-dolorsalmeda-cornella\/wp-json\/wp\/v2\/posts"}],"about":[{"href":"https:\/\/agora.xtec.cat\/ceip-dolorsalmeda-cornella\/wp-json\/wp\/v2\/types\/post"}],"author":[{"embeddable":true,"href":"https:\/\/agora.xtec.cat\/ceip-dolorsalmeda-cornella\/wp-json\/wp\/v2\/users\/6"}],"replies":[{"embeddable":true,"href":"https:\/\/agora.xtec.cat\/ceip-dolorsalmeda-cornella\/wp-json\/wp\/v2\/comments?post=3802"}],"version-history":[{"count":2,"href":"https:\/\/agora.xtec.cat\/ceip-dolorsalmeda-cornella\/wp-json\/wp\/v2\/posts\/3802\/revisions"}],"predecessor-version":[{"id":3805,"href":"https:\/\/agora.xtec.cat\/ceip-dolorsalmeda-cornella\/wp-json\/wp\/v2\/posts\/3802\/revisions\/3805"}],"wp:featuredmedia":[{"embeddable":true,"href":"https:\/\/agora.xtec.cat\/ceip-dolorsalmeda-cornella\/wp-json\/wp\/v2\/media\/3804"}],"wp:attachment":[{"href":"https:\/\/agora.xtec.cat\/ceip-dolorsalmeda-cornella\/wp-json\/wp\/v2\/media?parent=3802"}],"wp:term":[{"taxonomy":"category","embeddable":true,"href":"https:\/\/agora.xtec.cat\/ceip-dolorsalmeda-cornella\/wp-json\/wp\/v2\/categories?post=3802"},{"taxonomy":"post_tag","embeddable":true,"href":"https:\/\/agora.xtec.cat\/ceip-dolorsalmeda-cornella\/wp-json\/wp\/v2\/tags?post=3802"}],"curies":[{"name":"wp","href":"https:\/\/api.w.org\/{rel}","templated":true}]}}