{"id":3730,"date":"2021-04-16T10:43:05","date_gmt":"2021-04-16T08:43:05","guid":{"rendered":"https:\/\/agora.xtec.cat\/ceip-dolorsalmeda-cornella\/?p=3730"},"modified":"2021-04-16T10:43:05","modified_gmt":"2021-04-16T08:43:05","slug":"p5-una-visita-molt-especial","status":"publish","type":"post","link":"https:\/\/agora.xtec.cat\/ceip-dolorsalmeda-cornella\/general\/p5-una-visita-molt-especial\/","title":{"rendered":"P5. Una visita molt especial"},"content":{"rendered":"<p>I la darrera nit a la Marinada, els infants de P5 van poder con\u00e8ixer a l&#8217;avi Miquel. El vell mariner, una mica curt d&#8217;o\u00efda, que els va ensenyar a fer la recepta de la pomada per curar el mal de mar: una mica de sorra fina, aigua de mar, 5 closques de petxina i una mica de pilota de mar. Tot ben picadet amb una ma de morter i voil\u00e0, un remei cassol\u00e0 per curar marejos i soportar tempestes marineres.<\/p>\n\n\t\t<style type=\"text\/css\">\n\t\t\t#gallery-1 {\n\t\t\t\tmargin: auto;\n\t\t\t}\n\t\t\t#gallery-1 .gallery-item {\n\t\t\t\tfloat: left;\n\t\t\t\tmargin-top: 10px;\n\t\t\t\ttext-align: center;\n\t\t\t\twidth: 33%;\n\t\t\t}\n\t\t\t#gallery-1 img {\n\t\t\t\tborder: 2px solid #cfcfcf;\n\t\t\t}\n\t\t\t#gallery-1 .gallery-caption {\n\t\t\t\tmargin-left: 0;\n\t\t\t}\n\t\t\t\/* see gallery_shortcode() in wp-includes\/media.php *\/\n\t\t<\/style>\n\t\t<div id='gallery-1' class='gallery galleryid-3730 gallery-columns-3 gallery-size-thumbnail'><dl class='gallery-item'>\n\t\t\t<dt class='gallery-icon landscape'>\n\t\t\t\t<a href='https:\/\/agora.xtec.cat\/ceip-dolorsalmeda-cornella\/general\/p5-una-visita-molt-especial\/attachment\/578e3021-ba3f-4413-bc85-80e95e4252e0\/'><img loading=\"lazy\" decoding=\"async\" width=\"150\" height=\"150\" src=\"https:\/\/agora.xtec.cat\/ceip-dolorsalmeda-cornella\/wp-content\/uploads\/usu30\/2021\/04\/578e3021-ba3f-4413-bc85-80e95e4252e0-150x150.jpg\" class=\"attachment-thumbnail size-thumbnail\" alt=\"\" \/><\/a>\n\t\t\t<\/dt><\/dl><dl class='gallery-item'>\n\t\t\t<dt class='gallery-icon portrait'>\n\t\t\t\t<a href='https:\/\/agora.xtec.cat\/ceip-dolorsalmeda-cornella\/general\/p5-una-visita-molt-especial\/attachment\/c9ac729e-08eb-4bc9-a755-55ee43a1aa71\/'><img loading=\"lazy\" decoding=\"async\" width=\"150\" height=\"150\" src=\"https:\/\/agora.xtec.cat\/ceip-dolorsalmeda-cornella\/wp-content\/uploads\/usu30\/2021\/04\/c9ac729e-08eb-4bc9-a755-55ee43a1aa71-150x150.jpg\" class=\"attachment-thumbnail size-thumbnail\" alt=\"\" \/><\/a>\n\t\t\t<\/dt><\/dl><dl class='gallery-item'>\n\t\t\t<dt class='gallery-icon portrait'>\n\t\t\t\t<a href='https:\/\/agora.xtec.cat\/ceip-dolorsalmeda-cornella\/general\/p5-una-visita-molt-especial\/attachment\/9fe7cc60-3e88-4fa9-baaf-d2dbe22dfe64\/'><img loading=\"lazy\" decoding=\"async\" width=\"150\" height=\"150\" src=\"https:\/\/agora.xtec.cat\/ceip-dolorsalmeda-cornella\/wp-content\/uploads\/usu30\/2021\/04\/9fe7cc60-3e88-4fa9-baaf-d2dbe22dfe64-150x150.jpg\" class=\"attachment-thumbnail size-thumbnail\" alt=\"\" \/><\/a>\n\t\t\t<\/dt><\/dl><br style=\"clear: both\" \/>\n\t\t<\/div>\n\n<p>Una nit de riures i complicitat amb aquest personatge entranyable que tornava a la muntanya on ja descansava dels seus llargs viatges a alta mar.<\/p>\n<p>I despr\u00e9s d&#8217;aquesta nit, la son va arribar m\u00e9s r\u00e0pid amb emocions barrejades. D&#8217;una banda, amb les ganes de continuar compartint plegats l&#8217;aventura de les primeres col\u00f2nies, i per l&#8217;altra, l&#8217;emoci\u00f3 de pensar que aviat tornarem a casa i podrem compartir una nit amb les fam\u00edlies i explicar tot el que aqu\u00ed ha succe\u00eft.<\/p>\n<p>I, avui, a aquestes hores, amb les maletes fetes i acompanyats d&#8217;un sol radiant ens anem a la platja a fer la darrera activitat i sumar un moment m\u00e9s a la nostra mem\u00f2ria.<\/p>\n<p>Ens veiem aviat fam\u00edlies!<\/p>\n","protected":false},"excerpt":{"rendered":"<p>I la darrera nit a la Marinada, els infants de P5 van poder con\u00e8ixer a l&#8217;avi Miquel. El vell mariner, una mica curt d&#8217;o\u00efda, que els va ensenyar a fer la recepta de la pomada per curar el mal de mar: una mica de sorra&hellip;  <a href=\"https:\/\/agora.xtec.cat\/ceip-dolorsalmeda-cornella\/general\/p5-una-visita-molt-especial\/\" title=\"Read P5. Una visita molt especial\">Llegeix m\u00e9s\u00bb<\/a><\/p>\n","protected":false},"author":1,"featured_media":3732,"comment_status":"open","ping_status":"closed","sticky":false,"template":"","format":"standard","meta":{"_bbp_topic_count":0,"_bbp_reply_count":0,"_bbp_total_topic_count":0,"_bbp_total_reply_count":0,"_bbp_voice_count":0,"_bbp_anonymous_reply_count":0,"_bbp_topic_count_hidden":0,"_bbp_reply_count_hidden":0,"_bbp_forum_subforum_count":0,"footnotes":""},"categories":[1,9,2,4],"tags":[141,16],"class_list":["post-3730","post","type-post","status-publish","format-standard","has-post-thumbnail","hentry","category-general","category-i5","category-infantil","category-portada","tag-colonies","tag-sortides"],"post_mailing_queue_ids":[],"_links":{"self":[{"href":"https:\/\/agora.xtec.cat\/ceip-dolorsalmeda-cornella\/wp-json\/wp\/v2\/posts\/3730","targetHints":{"allow":["GET"]}}],"collection":[{"href":"https:\/\/agora.xtec.cat\/ceip-dolorsalmeda-cornella\/wp-json\/wp\/v2\/posts"}],"about":[{"href":"https:\/\/agora.xtec.cat\/ceip-dolorsalmeda-cornella\/wp-json\/wp\/v2\/types\/post"}],"author":[{"embeddable":true,"href":"https:\/\/agora.xtec.cat\/ceip-dolorsalmeda-cornella\/wp-json\/wp\/v2\/users\/1"}],"replies":[{"embeddable":true,"href":"https:\/\/agora.xtec.cat\/ceip-dolorsalmeda-cornella\/wp-json\/wp\/v2\/comments?post=3730"}],"version-history":[{"count":1,"href":"https:\/\/agora.xtec.cat\/ceip-dolorsalmeda-cornella\/wp-json\/wp\/v2\/posts\/3730\/revisions"}],"predecessor-version":[{"id":3735,"href":"https:\/\/agora.xtec.cat\/ceip-dolorsalmeda-cornella\/wp-json\/wp\/v2\/posts\/3730\/revisions\/3735"}],"wp:featuredmedia":[{"embeddable":true,"href":"https:\/\/agora.xtec.cat\/ceip-dolorsalmeda-cornella\/wp-json\/wp\/v2\/media\/3732"}],"wp:attachment":[{"href":"https:\/\/agora.xtec.cat\/ceip-dolorsalmeda-cornella\/wp-json\/wp\/v2\/media?parent=3730"}],"wp:term":[{"taxonomy":"category","embeddable":true,"href":"https:\/\/agora.xtec.cat\/ceip-dolorsalmeda-cornella\/wp-json\/wp\/v2\/categories?post=3730"},{"taxonomy":"post_tag","embeddable":true,"href":"https:\/\/agora.xtec.cat\/ceip-dolorsalmeda-cornella\/wp-json\/wp\/v2\/tags?post=3730"}],"curies":[{"name":"wp","href":"https:\/\/api.w.org\/{rel}","templated":true}]}}