{"id":3612,"date":"2021-03-11T15:47:21","date_gmt":"2021-03-11T14:47:21","guid":{"rendered":"https:\/\/agora.xtec.cat\/ceip-dolorsalmeda-cornella\/?p=3612"},"modified":"2021-09-09T20:16:08","modified_gmt":"2021-09-09T18:16:08","slug":"preinscripcio-2021","status":"publish","type":"post","link":"https:\/\/agora.xtec.cat\/ceip-dolorsalmeda-cornella\/general\/preinscripcio-2021\/","title":{"rendered":"Matr\u00edcula 2021"},"content":{"rendered":"<p>A partir del dia <strong>14 de juny i fins el 18 s&#8217;obre el termini de matriculaci\u00f3<\/strong>\u00a0pel curs 2021-22.<\/p>\n<p>Podeu agafar cita pr\u00e8via a partir del dia 7 de juny en el seg\u00fcent enlla\u00e7.<\/p>\n<p><a href=\"https:\/\/aplicacions.gestioeducativa.gencat.cat\/pls\/apex\/f?p=CITA_PREVIA:4::::4:P4_TIPUS_CALENDARI,P4_DOMINI:03_Oblig,08016367\">CITA PR\u00c8VIA PER MATRICULAR<\/a><\/p>\n<p>Per fer la matr\u00edcula necessitareu portar:<\/p>\n<p><b>ORIGINAL I FOTOC\u00d2PIA<\/b>\u00a0de:<\/p>\n<p>&#8211; Llibre de fam\u00edlia: p\u00e0gina dels pares i p\u00e0gina de l&#8217;infant.<\/p>\n<p>&#8211; DNI\/NIE\/PASSAPORT vigent dels pares i de l&#8217;infant si en t\u00e9.<\/p>\n<p>&#8211; Carnet de vacunes.<\/p>\n<p>&#8211; Targeta sanit\u00e0ria.<\/p>\n<p>&#8211; 1 foto carnet.<\/p>\n<p>A m\u00e9s cal que tingueu a m\u00e0 un n\u00famero de compte bancari (IBAN). En aquest cas no cal que el porteu impr\u00e8s, si el teniu al m\u00f2bil ja \u00e9s suficient.<\/p>\n<p>Aqu\u00ed us anirem posant totes les dates d&#8217;inter\u00e8s i tamb\u00e9 la publicaci\u00f3 de llistes.<\/p>\n<ul>\n<li><a href=\"https:\/\/agora.xtec.cat\/ceip-dolorsalmeda-cornella\/wp-content\/uploads\/usu30\/2021\/03\/oferta-de-places-inicial.png\">Oferta inicial de places.<\/a><\/li>\n<li><a href=\"https:\/\/youtu.be\/7Jz8gYBFCFM\">V\u00eddeo de com fer la preinscripci\u00f3 en l\u00ednia<\/a><\/li>\n<li>25 i 26 de mar\u00e7: \u00faltims dies per entregar documentaci\u00f3<\/li>\n<li><a href=\"https:\/\/agora.xtec.cat\/ceip-dolorsalmeda-cornella\/docs\/preinscripcio_barem-provisional\/\">19 d&#8217;abril: publicaci\u00f3 de les llistes amb barem provisional<\/a><\/li>\n<li>Del 20 al 26 d&#8217;abril: presentaci\u00f3 de reclamacions al barem provisional<\/li>\n<li><a href=\"https:\/\/agora.xtec.cat\/ceip-dolorsalmeda-cornella\/docs\/preinscripcio_barem-definitiu\/\">30 d&#8217;abril: publicaci\u00f3 de llistes amb el barem un cop resoltes les reclamacions<\/a><\/li>\n<li>5 de maig: sorteig. El n\u00famero de desempat que ha sortit al sorteig \u00e9s el 69.448<\/li>\n<li><a href=\"https:\/\/agora.xtec.cat\/ceip-dolorsalmeda-cornella\/docs\/preinscripcio_llistes-ordenades\/\">7 de maig: publicaci\u00f3 de llistes ordenades<\/a><\/li>\n<li><a href=\"https:\/\/agora.xtec.cat\/ceip-dolorsalmeda-cornella\/docs\/preinscripcio_oferta-definitiva\/\">4 de juny: publicaci\u00f3 de l&#8217;oferta definitiva<\/a><\/li>\n<li><a href=\"https:\/\/agora.xtec.cat\/ceip-dolorsalmeda-cornella\/docs\/preinscripcio_llistes-definitives\/\">7 de juny: publicaci\u00f3 d&#8217;assignacions definitives<\/a><\/li>\n<li><a href=\"https:\/\/agora.xtec.cat\/ceip-dolorsalmeda-cornella\/docs\/preinscripcio_llistes-definitives-i-despera\/\">7 de juny: publicaci\u00f3 de llistes d&#8217;espera<\/a><\/li>\n<li><a href=\"https:\/\/aplicacions.gestioeducativa.gencat.cat\/pls\/apex\/f?p=CITA_PREVIA:4::::4:P4_TIPUS_CALENDARI,P4_DOMINI:03_Oblig,08016367\" target=\"_blank\" rel=\"noopener noreferrer\">Del 14 al 18 de juny: matriculaci\u00f3: El calendari de cita pr\u00e8via per a la matr\u00edcula estar\u00e0 actiu a partir del dia 7 de juny<\/a><\/li>\n<\/ul>\n","protected":false},"excerpt":{"rendered":"<p>A partir del dia 14 de juny i fins el 18 s&#8217;obre el termini de matriculaci\u00f3\u00a0pel curs 2021-22.<br \/>\nPodeu agafar cita pr\u00e8via a partir del dia 7 de juny en el seg\u00fcent enlla\u00e7.<br \/>\n<a href=\"https:\/\/aplicacions.gestioeducativa.gencat.cat\/pls\/apex\/f?p=CITA_PREVIA:4::::4:P4_TIPUS_CALENDARI,P4_DOMINI:03_Oblig,08016367\">CITA PR\u00c8VIA PER MATRICULAR<\/a><br \/>\nPer fer la matr\u00edcula necessitareu portar:<br \/>\nORIGINAL I FOTOC\u00d2PIA\u00a0de:<br \/>\n&#8211; Llibre de&hellip;  <a href=\"https:\/\/agora.xtec.cat\/ceip-dolorsalmeda-cornella\/general\/preinscripcio-2021\/\" title=\"Read Matr\u00edcula 2021\">Llegeix m\u00e9s\u00bb<\/a><\/p>\n","protected":false},"author":6,"featured_media":3618,"comment_status":"open","ping_status":"closed","sticky":false,"template":"","format":"standard","meta":{"_bbp_topic_count":0,"_bbp_reply_count":0,"_bbp_total_topic_count":0,"_bbp_total_reply_count":0,"_bbp_voice_count":0,"_bbp_anonymous_reply_count":0,"_bbp_topic_count_hidden":0,"_bbp_reply_count_hidden":0,"_bbp_forum_subforum_count":0,"footnotes":""},"categories":[1,4],"tags":[],"class_list":["post-3612","post","type-post","status-publish","format-standard","has-post-thumbnail","hentry","category-general","category-portada"],"post_mailing_queue_ids":[],"_links":{"self":[{"href":"https:\/\/agora.xtec.cat\/ceip-dolorsalmeda-cornella\/wp-json\/wp\/v2\/posts\/3612","targetHints":{"allow":["GET"]}}],"collection":[{"href":"https:\/\/agora.xtec.cat\/ceip-dolorsalmeda-cornella\/wp-json\/wp\/v2\/posts"}],"about":[{"href":"https:\/\/agora.xtec.cat\/ceip-dolorsalmeda-cornella\/wp-json\/wp\/v2\/types\/post"}],"author":[{"embeddable":true,"href":"https:\/\/agora.xtec.cat\/ceip-dolorsalmeda-cornella\/wp-json\/wp\/v2\/users\/6"}],"replies":[{"embeddable":true,"href":"https:\/\/agora.xtec.cat\/ceip-dolorsalmeda-cornella\/wp-json\/wp\/v2\/comments?post=3612"}],"version-history":[{"count":3,"href":"https:\/\/agora.xtec.cat\/ceip-dolorsalmeda-cornella\/wp-json\/wp\/v2\/posts\/3612\/revisions"}],"predecessor-version":[{"id":4269,"href":"https:\/\/agora.xtec.cat\/ceip-dolorsalmeda-cornella\/wp-json\/wp\/v2\/posts\/3612\/revisions\/4269"}],"wp:featuredmedia":[{"embeddable":true,"href":"https:\/\/agora.xtec.cat\/ceip-dolorsalmeda-cornella\/wp-json\/wp\/v2\/media\/3618"}],"wp:attachment":[{"href":"https:\/\/agora.xtec.cat\/ceip-dolorsalmeda-cornella\/wp-json\/wp\/v2\/media?parent=3612"}],"wp:term":[{"taxonomy":"category","embeddable":true,"href":"https:\/\/agora.xtec.cat\/ceip-dolorsalmeda-cornella\/wp-json\/wp\/v2\/categories?post=3612"},{"taxonomy":"post_tag","embeddable":true,"href":"https:\/\/agora.xtec.cat\/ceip-dolorsalmeda-cornella\/wp-json\/wp\/v2\/tags?post=3612"}],"curies":[{"name":"wp","href":"https:\/\/api.w.org\/{rel}","templated":true}]}}