{"id":3588,"date":"2021-03-05T22:39:14","date_gmt":"2021-03-05T21:39:14","guid":{"rendered":"https:\/\/agora.xtec.cat\/ceip-dolorsalmeda-cornella\/?p=3588"},"modified":"2021-03-05T22:42:47","modified_gmt":"2021-03-05T21:42:47","slug":"un-vaixell-al-pati-de-lescola","status":"publish","type":"post","link":"https:\/\/agora.xtec.cat\/ceip-dolorsalmeda-cornella\/general\/un-vaixell-al-pati-de-lescola\/","title":{"rendered":"Un vaixell al pati de l&#8217;escola"},"content":{"rendered":"<p style=\"text-align: justify;\">Fa un temps a l&#8217;escola vam encetar un projecte de remodelaci\u00f3 del pati de prim\u00e0ria. Es van posar unes taules de p\u00edcnic, un tipy, es van pintar jocs al terra i es va instal\u00b7lar un roc\u00f2drom. Ara ha tocat el torn al rac\u00f3 del Port Dolors Almeda. Una preciosa embarcaci\u00f3 ha atracat avui en aquest port i de ben segur que arriba carregada d&#8217;una gran quantitat d&#8217;aventures i hist\u00f2ries que els infants estan per crear i imaginar.<\/p>\n<p style=\"text-align: justify;\">El pati \u00e9s una zona important de l&#8217;escola, un espai exterior de joc i aprenentatge on els infants passen bones estones jugant, parlant, socialitzant-se, reflexionant, aprenent&#8230; Per aix\u00f2, aquest projecte pret\u00e9n acabar creant un lloc acollidor, agradable\u00a0 i envoltat\u00a0 d&#8217;elements naturals que ens permeti aprofitar les oportunitats educatives que es creen en aquest espai.<\/p>\n<p style=\"text-align: justify;\"><a href=\"https:\/\/agora.xtec.cat\/ceip-dolorsalmeda-cornella\/wp-content\/uploads\/usu30\/2021\/03\/thumbnail_IMG_3594.jpg\"><img loading=\"lazy\" decoding=\"async\" class=\"wp-image-3590 alignleft\" src=\"https:\/\/agora.xtec.cat\/ceip-dolorsalmeda-cornella\/wp-content\/uploads\/usu30\/2021\/03\/thumbnail_IMG_3594-1024x768.jpg\" alt=\"\" width=\"400\" height=\"300\" srcset=\"https:\/\/agora.xtec.cat\/ceip-dolorsalmeda-cornella\/wp-content\/uploads\/usu30\/2021\/03\/thumbnail_IMG_3594-1024x768.jpg 1024w, https:\/\/agora.xtec.cat\/ceip-dolorsalmeda-cornella\/wp-content\/uploads\/usu30\/2021\/03\/thumbnail_IMG_3594-300x225.jpg 300w, https:\/\/agora.xtec.cat\/ceip-dolorsalmeda-cornella\/wp-content\/uploads\/usu30\/2021\/03\/thumbnail_IMG_3594-768x576.jpg 768w, https:\/\/agora.xtec.cat\/ceip-dolorsalmeda-cornella\/wp-content\/uploads\/usu30\/2021\/03\/thumbnail_IMG_3594-200x150.jpg 200w, https:\/\/agora.xtec.cat\/ceip-dolorsalmeda-cornella\/wp-content\/uploads\/usu30\/2021\/03\/thumbnail_IMG_3594.jpg 1280w\" sizes=\"auto, (max-width: 400px) 100vw, 400px\" \/><\/a> <a href=\"https:\/\/agora.xtec.cat\/ceip-dolorsalmeda-cornella\/wp-content\/uploads\/usu30\/2021\/03\/thumbnail_IMG_3593.jpg\"><img loading=\"lazy\" decoding=\"async\" class=\"alignnone wp-image-3589\" src=\"https:\/\/agora.xtec.cat\/ceip-dolorsalmeda-cornella\/wp-content\/uploads\/usu30\/2021\/03\/thumbnail_IMG_3593-1024x768.jpg\" alt=\"\" width=\"411\" height=\"309\" srcset=\"https:\/\/agora.xtec.cat\/ceip-dolorsalmeda-cornella\/wp-content\/uploads\/usu30\/2021\/03\/thumbnail_IMG_3593-1024x768.jpg 1024w, https:\/\/agora.xtec.cat\/ceip-dolorsalmeda-cornella\/wp-content\/uploads\/usu30\/2021\/03\/thumbnail_IMG_3593-300x225.jpg 300w, https:\/\/agora.xtec.cat\/ceip-dolorsalmeda-cornella\/wp-content\/uploads\/usu30\/2021\/03\/thumbnail_IMG_3593-768x576.jpg 768w, https:\/\/agora.xtec.cat\/ceip-dolorsalmeda-cornella\/wp-content\/uploads\/usu30\/2021\/03\/thumbnail_IMG_3593-200x150.jpg 200w, https:\/\/agora.xtec.cat\/ceip-dolorsalmeda-cornella\/wp-content\/uploads\/usu30\/2021\/03\/thumbnail_IMG_3593.jpg 1280w\" sizes=\"auto, (max-width: 411px) 100vw, 411px\" \/><\/a><\/p>\n<p><img loading=\"lazy\" decoding=\"async\" class=\"wp-image-3592 alignleft\" src=\"https:\/\/agora.xtec.cat\/ceip-dolorsalmeda-cornella\/wp-content\/uploads\/usu30\/2021\/03\/thumbnail_IMG_3599-1024x768.jpg\" alt=\"\" width=\"401\" height=\"300\" srcset=\"https:\/\/agora.xtec.cat\/ceip-dolorsalmeda-cornella\/wp-content\/uploads\/usu30\/2021\/03\/thumbnail_IMG_3599-1024x768.jpg 1024w, https:\/\/agora.xtec.cat\/ceip-dolorsalmeda-cornella\/wp-content\/uploads\/usu30\/2021\/03\/thumbnail_IMG_3599-300x225.jpg 300w, https:\/\/agora.xtec.cat\/ceip-dolorsalmeda-cornella\/wp-content\/uploads\/usu30\/2021\/03\/thumbnail_IMG_3599-768x576.jpg 768w, https:\/\/agora.xtec.cat\/ceip-dolorsalmeda-cornella\/wp-content\/uploads\/usu30\/2021\/03\/thumbnail_IMG_3599-200x150.jpg 200w, https:\/\/agora.xtec.cat\/ceip-dolorsalmeda-cornella\/wp-content\/uploads\/usu30\/2021\/03\/thumbnail_IMG_3599.jpg 1280w\" sizes=\"auto, (max-width: 401px) 100vw, 401px\" \/><\/p>\n<p><a href=\"https:\/\/agora.xtec.cat\/ceip-dolorsalmeda-cornella\/wp-content\/uploads\/usu30\/2021\/03\/thumbnail_IMG_3597.jpg\"><img loading=\"lazy\" decoding=\"async\" class=\"wp-image-3591 alignleft\" src=\"https:\/\/agora.xtec.cat\/ceip-dolorsalmeda-cornella\/wp-content\/uploads\/usu30\/2021\/03\/thumbnail_IMG_3597-1024x768.jpg\" alt=\"\" width=\"400\" height=\"300\" srcset=\"https:\/\/agora.xtec.cat\/ceip-dolorsalmeda-cornella\/wp-content\/uploads\/usu30\/2021\/03\/thumbnail_IMG_3597-1024x768.jpg 1024w, https:\/\/agora.xtec.cat\/ceip-dolorsalmeda-cornella\/wp-content\/uploads\/usu30\/2021\/03\/thumbnail_IMG_3597-300x225.jpg 300w, https:\/\/agora.xtec.cat\/ceip-dolorsalmeda-cornella\/wp-content\/uploads\/usu30\/2021\/03\/thumbnail_IMG_3597-768x576.jpg 768w, https:\/\/agora.xtec.cat\/ceip-dolorsalmeda-cornella\/wp-content\/uploads\/usu30\/2021\/03\/thumbnail_IMG_3597-200x150.jpg 200w, https:\/\/agora.xtec.cat\/ceip-dolorsalmeda-cornella\/wp-content\/uploads\/usu30\/2021\/03\/thumbnail_IMG_3597.jpg 1280w\" sizes=\"auto, (max-width: 400px) 100vw, 400px\" \/><\/a><\/p>\n<p>&nbsp;<\/p>\n","protected":false},"excerpt":{"rendered":"<p>Fa un temps a l&#8217;escola vam encetar un projecte de remodelaci\u00f3 del pati de prim\u00e0ria. Es van posar unes taules de p\u00edcnic, un tipy, es van pintar jocs al terra i es va instal\u00b7lar un roc\u00f2drom. Ara ha tocat el torn al rac\u00f3 del Port&hellip;  <a href=\"https:\/\/agora.xtec.cat\/ceip-dolorsalmeda-cornella\/general\/un-vaixell-al-pati-de-lescola\/\" title=\"Read Un vaixell al pati de l&#8217;escola\">Llegeix m\u00e9s\u00bb<\/a><\/p>\n","protected":false},"author":6,"featured_media":3592,"comment_status":"open","ping_status":"closed","sticky":false,"template":"","format":"standard","meta":{"_bbp_topic_count":0,"_bbp_reply_count":0,"_bbp_total_topic_count":0,"_bbp_total_reply_count":0,"_bbp_voice_count":0,"_bbp_anonymous_reply_count":0,"_bbp_topic_count_hidden":0,"_bbp_reply_count_hidden":0,"_bbp_forum_subforum_count":0,"footnotes":""},"categories":[10,11,12,13,14,15,1,4,5],"tags":[244],"class_list":["post-3588","post","type-post","status-publish","format-standard","has-post-thumbnail","hentry","category-1r","category-2n","category-3r","category-4t","category-5e","category-6e","category-general","category-portada","category-primaria","tag-pati"],"post_mailing_queue_ids":[],"_links":{"self":[{"href":"https:\/\/agora.xtec.cat\/ceip-dolorsalmeda-cornella\/wp-json\/wp\/v2\/posts\/3588","targetHints":{"allow":["GET"]}}],"collection":[{"href":"https:\/\/agora.xtec.cat\/ceip-dolorsalmeda-cornella\/wp-json\/wp\/v2\/posts"}],"about":[{"href":"https:\/\/agora.xtec.cat\/ceip-dolorsalmeda-cornella\/wp-json\/wp\/v2\/types\/post"}],"author":[{"embeddable":true,"href":"https:\/\/agora.xtec.cat\/ceip-dolorsalmeda-cornella\/wp-json\/wp\/v2\/users\/6"}],"replies":[{"embeddable":true,"href":"https:\/\/agora.xtec.cat\/ceip-dolorsalmeda-cornella\/wp-json\/wp\/v2\/comments?post=3588"}],"version-history":[{"count":2,"href":"https:\/\/agora.xtec.cat\/ceip-dolorsalmeda-cornella\/wp-json\/wp\/v2\/posts\/3588\/revisions"}],"predecessor-version":[{"id":3594,"href":"https:\/\/agora.xtec.cat\/ceip-dolorsalmeda-cornella\/wp-json\/wp\/v2\/posts\/3588\/revisions\/3594"}],"wp:featuredmedia":[{"embeddable":true,"href":"https:\/\/agora.xtec.cat\/ceip-dolorsalmeda-cornella\/wp-json\/wp\/v2\/media\/3592"}],"wp:attachment":[{"href":"https:\/\/agora.xtec.cat\/ceip-dolorsalmeda-cornella\/wp-json\/wp\/v2\/media?parent=3588"}],"wp:term":[{"taxonomy":"category","embeddable":true,"href":"https:\/\/agora.xtec.cat\/ceip-dolorsalmeda-cornella\/wp-json\/wp\/v2\/categories?post=3588"},{"taxonomy":"post_tag","embeddable":true,"href":"https:\/\/agora.xtec.cat\/ceip-dolorsalmeda-cornella\/wp-json\/wp\/v2\/tags?post=3588"}],"curies":[{"name":"wp","href":"https:\/\/api.w.org\/{rel}","templated":true}]}}