{"id":3386,"date":"2021-02-09T07:37:09","date_gmt":"2021-02-09T06:37:09","guid":{"rendered":"https:\/\/agora.xtec.cat\/ceip-dolorsalmeda-cornella\/?p=3386"},"modified":"2021-02-10T19:54:51","modified_gmt":"2021-02-10T18:54:51","slug":"la-rotllana-un-espai-de-trobada","status":"publish","type":"post","link":"https:\/\/agora.xtec.cat\/ceip-dolorsalmeda-cornella\/general\/la-rotllana-un-espai-de-trobada\/","title":{"rendered":"La rotllana, un espai de trobada"},"content":{"rendered":"<p><a href=\"https:\/\/agora.xtec.cat\/ceip-dolorsalmeda-cornella\/wp-content\/uploads\/usu30\/2021\/02\/WhatsApp-Image-2021-02-08-at-18.18.35.jpg\"><img loading=\"lazy\" decoding=\"async\" class=\"alignnone size-large wp-image-3402\" src=\"https:\/\/agora.xtec.cat\/ceip-dolorsalmeda-cornella\/wp-content\/uploads\/usu30\/2021\/02\/WhatsApp-Image-2021-02-08-at-18.18.35-1024x710.jpg\" alt=\"\" width=\"1024\" height=\"710\" srcset=\"https:\/\/agora.xtec.cat\/ceip-dolorsalmeda-cornella\/wp-content\/uploads\/usu30\/2021\/02\/WhatsApp-Image-2021-02-08-at-18.18.35-1024x710.jpg 1024w, https:\/\/agora.xtec.cat\/ceip-dolorsalmeda-cornella\/wp-content\/uploads\/usu30\/2021\/02\/WhatsApp-Image-2021-02-08-at-18.18.35-300x208.jpg 300w, https:\/\/agora.xtec.cat\/ceip-dolorsalmeda-cornella\/wp-content\/uploads\/usu30\/2021\/02\/WhatsApp-Image-2021-02-08-at-18.18.35-768x532.jpg 768w, https:\/\/agora.xtec.cat\/ceip-dolorsalmeda-cornella\/wp-content\/uploads\/usu30\/2021\/02\/WhatsApp-Image-2021-02-08-at-18.18.35.jpg 1343w\" sizes=\"auto, (max-width: 1024px) 100vw, 1024px\" \/><\/a><\/p>\n<p>Segurament haureu sentit a les vostres petites i petits parlar de la rotllana. Aquell moment del mat\u00ed on es donen el bon dia i alguns aprofiten per explicar qu\u00e8 van fer el cap de setmana. I \u00e9s veritat, \u00e9s tot aix\u00f2 per\u00f2 tamb\u00e9 mirem que cada cop sigui molt m\u00e9s.<\/p>\n<p>La rotlana es d\u00f3na m\u00e9s moments al dia i esdev\u00e9 un moment de trobada, una estona per compartir. La rotllana \u00e9s una situaci\u00f3 en la que seiem en rod\u00f3 i aix\u00f2 permet que totes i tots ens veiem les cares i siguem en una situaci\u00f3 d&#8217;igualtat, la mestra tamb\u00e9. Acostumem a aprofitar aquestes estones per organitzar el dia, la tarda o el moment que precedeix per tal d&#8217;anticipar experi\u00e8ncies i oferir als infants la possibilitat d&#8217;autorregular-se.<\/p>\n<p>Tamb\u00e9 la rotllana ens serveix com a laboratori de resoluci\u00f3 de conflictes. \u00c9s un moment assambleari on alguns infants exposen una situaci\u00f3 de confrontament, un moment on han esclatat les emocions i amb l&#8217;ajuda dels altres miren de trobar alternatives o maneres de resoldre les difer\u00e8ncies. La rotllana els permet parlar de com se senten i compartir-ho amb la resta, els permet identificar-se amb els altres i assajar actituds emp\u00e0tiques, els d\u00f3na la possibilitat de posar paraules a all\u00f2 que han sentit i\/o viscut. La rotllana \u00e9s un moment per fomentar l&#8217;expressi\u00f3 oral, per\u00f2 tamb\u00e9 l&#8217;escolta activa. La rotllana \u00e9s un moment per \u00e9sser i per recon\u00e8ixer a l&#8217;altre. Dia a dia, mirem d&#8217;estimular la conversa entre elles i ells i evitar que les seves aportacions vagin nom\u00e9s dirigides a la persona adulta. Promovem el di\u00e0leg entre iguals i creiem que aquestes experi\u00e8ncies s\u00f3n l&#8217;entrena per esdevenir persones que facin de la paraula la seva eina de relaci\u00f3.<\/p>\n<p>I no podem oblidar que, tamb\u00e9, la rotllana \u00e9s un espai m\u00e0gic on somiar i deixar volar la imaginaci\u00f3 amb els contes perqu\u00e8, tal i com es feia abans, les hist\u00f2ries tamb\u00e9 les compartim com si fossim a la vora del foc.<\/p>\n<p>&nbsp;<\/p>\n","protected":false},"excerpt":{"rendered":"<p><a href=\"https:\/\/agora.xtec.cat\/ceip-dolorsalmeda-cornella\/wp-content\/uploads\/usu30\/2021\/02\/WhatsApp-Image-2021-02-08-at-18.18.35.jpg\"><\/a><br \/>\nSegurament haureu sentit a les vostres petites i petits parlar de la rotllana. Aquell moment del mat\u00ed on es donen el bon dia i alguns aprofiten per explicar qu\u00e8 van fer el cap de setmana. I \u00e9s veritat, \u00e9s tot aix\u00f2 per\u00f2 tamb\u00e9 mirem&hellip;  <a href=\"https:\/\/agora.xtec.cat\/ceip-dolorsalmeda-cornella\/general\/la-rotllana-un-espai-de-trobada\/\" title=\"Read La rotllana, un espai de trobada\">Llegeix m\u00e9s\u00bb<\/a><\/p>\n","protected":false},"author":1,"featured_media":3402,"comment_status":"open","ping_status":"closed","sticky":false,"template":"","format":"standard","meta":{"_bbp_topic_count":0,"_bbp_reply_count":0,"_bbp_total_topic_count":0,"_bbp_total_reply_count":0,"_bbp_voice_count":0,"_bbp_anonymous_reply_count":0,"_bbp_topic_count_hidden":0,"_bbp_reply_count_hidden":0,"_bbp_forum_subforum_count":0,"footnotes":""},"categories":[1,9,2,4],"tags":[259,261,260,258],"class_list":["post-3386","post","type-post","status-publish","format-standard","has-post-thumbnail","hentry","category-general","category-i5","category-infantil","category-portada","tag-conversa","tag-educacio-emocional","tag-resolucio-de-conflictes","tag-rotllana"],"post_mailing_queue_ids":[],"_links":{"self":[{"href":"https:\/\/agora.xtec.cat\/ceip-dolorsalmeda-cornella\/wp-json\/wp\/v2\/posts\/3386","targetHints":{"allow":["GET"]}}],"collection":[{"href":"https:\/\/agora.xtec.cat\/ceip-dolorsalmeda-cornella\/wp-json\/wp\/v2\/posts"}],"about":[{"href":"https:\/\/agora.xtec.cat\/ceip-dolorsalmeda-cornella\/wp-json\/wp\/v2\/types\/post"}],"author":[{"embeddable":true,"href":"https:\/\/agora.xtec.cat\/ceip-dolorsalmeda-cornella\/wp-json\/wp\/v2\/users\/1"}],"replies":[{"embeddable":true,"href":"https:\/\/agora.xtec.cat\/ceip-dolorsalmeda-cornella\/wp-json\/wp\/v2\/comments?post=3386"}],"version-history":[{"count":3,"href":"https:\/\/agora.xtec.cat\/ceip-dolorsalmeda-cornella\/wp-json\/wp\/v2\/posts\/3386\/revisions"}],"predecessor-version":[{"id":3446,"href":"https:\/\/agora.xtec.cat\/ceip-dolorsalmeda-cornella\/wp-json\/wp\/v2\/posts\/3386\/revisions\/3446"}],"wp:featuredmedia":[{"embeddable":true,"href":"https:\/\/agora.xtec.cat\/ceip-dolorsalmeda-cornella\/wp-json\/wp\/v2\/media\/3402"}],"wp:attachment":[{"href":"https:\/\/agora.xtec.cat\/ceip-dolorsalmeda-cornella\/wp-json\/wp\/v2\/media?parent=3386"}],"wp:term":[{"taxonomy":"category","embeddable":true,"href":"https:\/\/agora.xtec.cat\/ceip-dolorsalmeda-cornella\/wp-json\/wp\/v2\/categories?post=3386"},{"taxonomy":"post_tag","embeddable":true,"href":"https:\/\/agora.xtec.cat\/ceip-dolorsalmeda-cornella\/wp-json\/wp\/v2\/tags?post=3386"}],"curies":[{"name":"wp","href":"https:\/\/api.w.org\/{rel}","templated":true}]}}