{"id":3325,"date":"2020-12-17T21:26:30","date_gmt":"2020-12-17T20:26:30","guid":{"rendered":"https:\/\/agora.xtec.cat\/ceip-dolorsalmeda-cornella\/?p=3325"},"modified":"2020-12-17T22:18:25","modified_gmt":"2020-12-17T21:18:25","slug":"la-barcelona-medieval-i-el-parlament-de-catalunya","status":"publish","type":"post","link":"https:\/\/agora.xtec.cat\/ceip-dolorsalmeda-cornella\/portada\/la-barcelona-medieval-i-el-parlament-de-catalunya\/","title":{"rendered":"La Barcelona Medieval i el Parlament de Catalunya"},"content":{"rendered":"<p class=\"p1\">Les nenes i els nens de cinqu\u00e8 han anat d\u2019excursi\u00f3 a Barcelona per ampliar i consolidar el tema que estem treballant a les sessions de medi. Tots plegats, vam fer un recorregut per la Barcelona medieval i romana, reconeixent els carrers i les figures arquitect\u00f2niques m\u00e9s rellevants de la hist\u00f2ria.<span class=\"Apple-converted-space\">\u00a0<\/span><\/p>\n<p class=\"p1\">Vam iniciar la ruta al Portal de l\u2019\u00c0ngel i la vam finalitzar al Parlament de Catalunya, al Parc de la Ciutadella on vam dinar i vam gaudir de temps lliure per jugar i descansar, aprofitant el dia tan agradable que ens va fer.<\/p>\n<p class=\"p1\">Durant l&#8217;itinerari vam trobar edificis tan emblem\u00e0tics com la Catedral de Barcelona i les restes de l\u2019aq\u00fceducte, l\u2019Ajuntament de Barcelona i la Generalitat de Catalunya a la pla\u00e7a Sant Jaume o la Bas\u00edlica de Santa Maria del Mar i el Mercat del Born.<span class=\"Apple-converted-space\">\u00a0<\/span><\/p>\n<p class=\"p1\">Donada la situaci\u00f3, la visita al Parlament es va fer de manera virtual i des de l&#8217;escola el passat 10 de desembre. Els nens i les nenes de cinqu\u00e8 van tenir l&#8217;oportunitat (ja que \u00e9s l\u2019\u00fanic edifici oficial que ofereix aquest servei de visita virtual) de veure com \u00e9s el Parlament per dins. L\u2019explicaci\u00f3 que ens van fer va ser molt completa i els infants van poder realitzar preguntes, per tal de resoldre els seus dubtes.<\/p>\n<p>Una visita a la meravellosa ciutat en qu\u00e8 vivim plena d&#8217;emblem\u00e0tics racons que hem pogut descobrir\u00a0 i gaudir tots junts.<\/p>\n<p>&nbsp;<\/p>\n<p style=\"text-align: left;\"><a href=\"https:\/\/agora.xtec.cat\/ceip-dolorsalmeda-cornella\/wp-content\/uploads\/usu30\/2020\/12\/IMG_20201215_102240-min.jpg\">\u00a0 \u00a0 \u00a0 \u00a0 \u00a0 <img loading=\"lazy\" decoding=\"async\" class=\"alignnone wp-image-3326\" src=\"https:\/\/agora.xtec.cat\/ceip-dolorsalmeda-cornella\/wp-content\/uploads\/usu30\/2020\/12\/IMG_20201215_102240-min-1024x768.jpg\" alt=\"\" width=\"302\" height=\"226\" srcset=\"https:\/\/agora.xtec.cat\/ceip-dolorsalmeda-cornella\/wp-content\/uploads\/usu30\/2020\/12\/IMG_20201215_102240-min-1024x768.jpg 1024w, https:\/\/agora.xtec.cat\/ceip-dolorsalmeda-cornella\/wp-content\/uploads\/usu30\/2020\/12\/IMG_20201215_102240-min-300x225.jpg 300w, https:\/\/agora.xtec.cat\/ceip-dolorsalmeda-cornella\/wp-content\/uploads\/usu30\/2020\/12\/IMG_20201215_102240-min-768x576.jpg 768w, https:\/\/agora.xtec.cat\/ceip-dolorsalmeda-cornella\/wp-content\/uploads\/usu30\/2020\/12\/IMG_20201215_102240-min-200x150.jpg 200w\" sizes=\"auto, (max-width: 302px) 100vw, 302px\" \/> <\/a> \u00a0\u00a0 \u00a0\u00a0 \u00a0\u00a0 \u00a0\u00a0 \u00a0\u00a0 \u00a0\u00a0 <a href=\"https:\/\/agora.xtec.cat\/ceip-dolorsalmeda-cornella\/wp-content\/uploads\/usu30\/2020\/12\/IMG_20201215_104901-min.jpg\"><img loading=\"lazy\" decoding=\"async\" class=\"alignnone wp-image-3327\" src=\"https:\/\/agora.xtec.cat\/ceip-dolorsalmeda-cornella\/wp-content\/uploads\/usu30\/2020\/12\/IMG_20201215_104901-min-768x1024.jpg\" alt=\"\" width=\"174\" height=\"232\" srcset=\"https:\/\/agora.xtec.cat\/ceip-dolorsalmeda-cornella\/wp-content\/uploads\/usu30\/2020\/12\/IMG_20201215_104901-min-768x1024.jpg 768w, https:\/\/agora.xtec.cat\/ceip-dolorsalmeda-cornella\/wp-content\/uploads\/usu30\/2020\/12\/IMG_20201215_104901-min-225x300.jpg 225w\" sizes=\"auto, (max-width: 174px) 100vw, 174px\" \/> \u00a0<\/a> <a href=\"https:\/\/agora.xtec.cat\/ceip-dolorsalmeda-cornella\/wp-content\/uploads\/usu30\/2020\/12\/IMG_20201215_122514-min.jpg\"><img loading=\"lazy\" decoding=\"async\" class=\"wp-image-3328 alignleft\" src=\"https:\/\/agora.xtec.cat\/ceip-dolorsalmeda-cornella\/wp-content\/uploads\/usu30\/2020\/12\/IMG_20201215_122514-min-768x1024.jpg\" alt=\"\" width=\"195\" height=\"260\" srcset=\"https:\/\/agora.xtec.cat\/ceip-dolorsalmeda-cornella\/wp-content\/uploads\/usu30\/2020\/12\/IMG_20201215_122514-min-768x1024.jpg 768w, https:\/\/agora.xtec.cat\/ceip-dolorsalmeda-cornella\/wp-content\/uploads\/usu30\/2020\/12\/IMG_20201215_122514-min-225x300.jpg 225w\" sizes=\"auto, (max-width: 195px) 100vw, 195px\" \/><\/a><\/p>\n","protected":false},"excerpt":{"rendered":"<p>Les nenes i els nens de cinqu\u00e8 han anat d\u2019excursi\u00f3 a Barcelona per ampliar i consolidar el tema que estem treballant a les sessions de medi. Tots plegats, vam fer un recorregut per la Barcelona medieval i romana, reconeixent els carrers i les figures arquitect\u00f2niques&hellip;  <a href=\"https:\/\/agora.xtec.cat\/ceip-dolorsalmeda-cornella\/portada\/la-barcelona-medieval-i-el-parlament-de-catalunya\/\" title=\"Read La Barcelona Medieval i el Parlament de Catalunya\">Llegeix m\u00e9s\u00bb<\/a><\/p>\n","protected":false},"author":6,"featured_media":3329,"comment_status":"open","ping_status":"closed","sticky":false,"template":"","format":"standard","meta":{"_bbp_topic_count":0,"_bbp_reply_count":0,"_bbp_total_topic_count":0,"_bbp_total_reply_count":0,"_bbp_voice_count":0,"_bbp_anonymous_reply_count":0,"_bbp_topic_count_hidden":0,"_bbp_reply_count_hidden":0,"_bbp_forum_subforum_count":0,"footnotes":""},"categories":[14,4,5],"tags":[113],"class_list":["post-3325","post","type-post","status-publish","format-standard","has-post-thumbnail","hentry","category-5e","category-portada","category-primaria","tag-sortida"],"post_mailing_queue_ids":[],"_links":{"self":[{"href":"https:\/\/agora.xtec.cat\/ceip-dolorsalmeda-cornella\/wp-json\/wp\/v2\/posts\/3325","targetHints":{"allow":["GET"]}}],"collection":[{"href":"https:\/\/agora.xtec.cat\/ceip-dolorsalmeda-cornella\/wp-json\/wp\/v2\/posts"}],"about":[{"href":"https:\/\/agora.xtec.cat\/ceip-dolorsalmeda-cornella\/wp-json\/wp\/v2\/types\/post"}],"author":[{"embeddable":true,"href":"https:\/\/agora.xtec.cat\/ceip-dolorsalmeda-cornella\/wp-json\/wp\/v2\/users\/6"}],"replies":[{"embeddable":true,"href":"https:\/\/agora.xtec.cat\/ceip-dolorsalmeda-cornella\/wp-json\/wp\/v2\/comments?post=3325"}],"version-history":[{"count":2,"href":"https:\/\/agora.xtec.cat\/ceip-dolorsalmeda-cornella\/wp-json\/wp\/v2\/posts\/3325\/revisions"}],"predecessor-version":[{"id":3333,"href":"https:\/\/agora.xtec.cat\/ceip-dolorsalmeda-cornella\/wp-json\/wp\/v2\/posts\/3325\/revisions\/3333"}],"wp:featuredmedia":[{"embeddable":true,"href":"https:\/\/agora.xtec.cat\/ceip-dolorsalmeda-cornella\/wp-json\/wp\/v2\/media\/3329"}],"wp:attachment":[{"href":"https:\/\/agora.xtec.cat\/ceip-dolorsalmeda-cornella\/wp-json\/wp\/v2\/media?parent=3325"}],"wp:term":[{"taxonomy":"category","embeddable":true,"href":"https:\/\/agora.xtec.cat\/ceip-dolorsalmeda-cornella\/wp-json\/wp\/v2\/categories?post=3325"},{"taxonomy":"post_tag","embeddable":true,"href":"https:\/\/agora.xtec.cat\/ceip-dolorsalmeda-cornella\/wp-json\/wp\/v2\/tags?post=3325"}],"curies":[{"name":"wp","href":"https:\/\/api.w.org\/{rel}","templated":true}]}}