{"id":3309,"date":"2020-12-17T17:28:11","date_gmt":"2020-12-17T16:28:11","guid":{"rendered":"https:\/\/agora.xtec.cat\/ceip-dolorsalmeda-cornella\/?p=3309"},"modified":"2020-12-17T22:04:34","modified_gmt":"2020-12-17T21:04:34","slug":"uns-patges-reials-molt-especials","status":"publish","type":"post","link":"https:\/\/agora.xtec.cat\/ceip-dolorsalmeda-cornella\/general\/uns-patges-reials-molt-especials\/","title":{"rendered":"Uns patges reials molt especials"},"content":{"rendered":"<p style=\"text-align: left;\">Qualsevol excusa \u00e9s bona per proposar una activitat d\u2019expressi\u00f3 escrita on es puguin posar en pr\u00e0ctica tots els coneixements gramaticals, l\u00e8xics i ortogr\u00e0fics adquirits. Des de l\u2019escola sempre intentem proposar tasques\u00a0\u00a0motivadores on els infants trobin significat i sentit a all\u00f2 que els demanem que expressin\u00a0\u00a0a trav\u00e9s de l\u2019escriptura.<\/p>\n<p style=\"text-align: left;\">Aprofitant que arriba el Nadal, temps d\u2019il\u00b7lusi\u00f3 i de celebraci\u00f3, els nens i nenes de primer han escrit la carta als Reis Mags d&#8217;Orient. Els han demanat bons desitjos pel nou any i alguns regals.<\/p>\n<p style=\"text-align: left;\">D\u2019aquestes cartes s\u2019encarregaran els alumn@s de sis\u00e8 que\u00a0\u00a0s\u2019han convertit en patges reials i seran els encarregats i encarregades de fer arribar les cartes\u00a0\u00a0a Ses Majestats i d\u2019assegurar-se que totes i cadascuna d\u2019elles seran contestades.<\/p>\n<p style=\"text-align: left;\">La carta als reis, una bonica activitat plena d\u2019emocions, aprenentatges\u00a0\u00a0i valors.<\/p>\n<p><a href=\"https:\/\/agora.xtec.cat\/ceip-dolorsalmeda-cornella\/wp-content\/uploads\/usu30\/2020\/12\/0C0AABE1-3B88-43EF-874E-221DB2EA224E.jpg\"><img loading=\"lazy\" decoding=\"async\" class=\"wp-image-3312 alignleft\" src=\"https:\/\/agora.xtec.cat\/ceip-dolorsalmeda-cornella\/wp-content\/uploads\/usu30\/2020\/12\/0C0AABE1-3B88-43EF-874E-221DB2EA224E-1024x576.jpg\" alt=\"\" width=\"450\" height=\"253\" srcset=\"https:\/\/agora.xtec.cat\/ceip-dolorsalmeda-cornella\/wp-content\/uploads\/usu30\/2020\/12\/0C0AABE1-3B88-43EF-874E-221DB2EA224E-1024x576.jpg 1024w, https:\/\/agora.xtec.cat\/ceip-dolorsalmeda-cornella\/wp-content\/uploads\/usu30\/2020\/12\/0C0AABE1-3B88-43EF-874E-221DB2EA224E-300x169.jpg 300w, https:\/\/agora.xtec.cat\/ceip-dolorsalmeda-cornella\/wp-content\/uploads\/usu30\/2020\/12\/0C0AABE1-3B88-43EF-874E-221DB2EA224E-768x432.jpg 768w, https:\/\/agora.xtec.cat\/ceip-dolorsalmeda-cornella\/wp-content\/uploads\/usu30\/2020\/12\/0C0AABE1-3B88-43EF-874E-221DB2EA224E.jpg 1392w\" sizes=\"auto, (max-width: 450px) 100vw, 450px\" \/><\/a><a href=\"https:\/\/agora.xtec.cat\/ceip-dolorsalmeda-cornella\/wp-content\/uploads\/usu30\/2020\/12\/PHOTO-2020-12-16-12-34-01.jpg\"><img loading=\"lazy\" decoding=\"async\" class=\"wp-image-3310 alignright\" src=\"https:\/\/agora.xtec.cat\/ceip-dolorsalmeda-cornella\/wp-content\/uploads\/usu30\/2020\/12\/PHOTO-2020-12-16-12-34-01-1024x768.jpg\" alt=\"\" width=\"336\" height=\"252\" srcset=\"https:\/\/agora.xtec.cat\/ceip-dolorsalmeda-cornella\/wp-content\/uploads\/usu30\/2020\/12\/PHOTO-2020-12-16-12-34-01.jpg 1024w, https:\/\/agora.xtec.cat\/ceip-dolorsalmeda-cornella\/wp-content\/uploads\/usu30\/2020\/12\/PHOTO-2020-12-16-12-34-01-300x225.jpg 300w, https:\/\/agora.xtec.cat\/ceip-dolorsalmeda-cornella\/wp-content\/uploads\/usu30\/2020\/12\/PHOTO-2020-12-16-12-34-01-768x576.jpg 768w, https:\/\/agora.xtec.cat\/ceip-dolorsalmeda-cornella\/wp-content\/uploads\/usu30\/2020\/12\/PHOTO-2020-12-16-12-34-01-200x150.jpg 200w\" sizes=\"auto, (max-width: 336px) 100vw, 336px\" \/><\/a><\/p>\n","protected":false},"excerpt":{"rendered":"<p>Qualsevol excusa \u00e9s bona per proposar una activitat d\u2019expressi\u00f3 escrita on es puguin posar en pr\u00e0ctica tots els coneixements gramaticals, l\u00e8xics i ortogr\u00e0fics adquirits. Des de l\u2019escola sempre intentem proposar tasques\u00a0\u00a0motivadores on els infants trobin significat i sentit a all\u00f2 que els demanem que expressin\u00a0\u00a0a&hellip;  <a href=\"https:\/\/agora.xtec.cat\/ceip-dolorsalmeda-cornella\/general\/uns-patges-reials-molt-especials\/\" title=\"Read Uns patges reials molt especials\">Llegeix m\u00e9s\u00bb<\/a><\/p>\n","protected":false},"author":6,"featured_media":3310,"comment_status":"open","ping_status":"closed","sticky":false,"template":"","format":"standard","meta":{"_bbp_topic_count":0,"_bbp_reply_count":0,"_bbp_total_topic_count":0,"_bbp_total_reply_count":0,"_bbp_voice_count":0,"_bbp_anonymous_reply_count":0,"_bbp_topic_count_hidden":0,"_bbp_reply_count_hidden":0,"_bbp_forum_subforum_count":0,"footnotes":""},"categories":[10,15,1,4,5],"tags":[74],"class_list":["post-3309","post","type-post","status-publish","format-standard","has-post-thumbnail","hentry","category-1r","category-6e","category-general","category-portada","category-primaria","tag-nadal"],"post_mailing_queue_ids":[],"_links":{"self":[{"href":"https:\/\/agora.xtec.cat\/ceip-dolorsalmeda-cornella\/wp-json\/wp\/v2\/posts\/3309","targetHints":{"allow":["GET"]}}],"collection":[{"href":"https:\/\/agora.xtec.cat\/ceip-dolorsalmeda-cornella\/wp-json\/wp\/v2\/posts"}],"about":[{"href":"https:\/\/agora.xtec.cat\/ceip-dolorsalmeda-cornella\/wp-json\/wp\/v2\/types\/post"}],"author":[{"embeddable":true,"href":"https:\/\/agora.xtec.cat\/ceip-dolorsalmeda-cornella\/wp-json\/wp\/v2\/users\/6"}],"replies":[{"embeddable":true,"href":"https:\/\/agora.xtec.cat\/ceip-dolorsalmeda-cornella\/wp-json\/wp\/v2\/comments?post=3309"}],"version-history":[{"count":3,"href":"https:\/\/agora.xtec.cat\/ceip-dolorsalmeda-cornella\/wp-json\/wp\/v2\/posts\/3309\/revisions"}],"predecessor-version":[{"id":3331,"href":"https:\/\/agora.xtec.cat\/ceip-dolorsalmeda-cornella\/wp-json\/wp\/v2\/posts\/3309\/revisions\/3331"}],"wp:featuredmedia":[{"embeddable":true,"href":"https:\/\/agora.xtec.cat\/ceip-dolorsalmeda-cornella\/wp-json\/wp\/v2\/media\/3310"}],"wp:attachment":[{"href":"https:\/\/agora.xtec.cat\/ceip-dolorsalmeda-cornella\/wp-json\/wp\/v2\/media?parent=3309"}],"wp:term":[{"taxonomy":"category","embeddable":true,"href":"https:\/\/agora.xtec.cat\/ceip-dolorsalmeda-cornella\/wp-json\/wp\/v2\/categories?post=3309"},{"taxonomy":"post_tag","embeddable":true,"href":"https:\/\/agora.xtec.cat\/ceip-dolorsalmeda-cornella\/wp-json\/wp\/v2\/tags?post=3309"}],"curies":[{"name":"wp","href":"https:\/\/api.w.org\/{rel}","templated":true}]}}