{"id":3227,"date":"2020-12-17T17:26:09","date_gmt":"2020-12-17T16:26:09","guid":{"rendered":"https:\/\/agora.xtec.cat\/ceip-dolorsalmeda-cornella\/?p=3227"},"modified":"2020-12-17T17:26:09","modified_gmt":"2020-12-17T16:26:09","slug":"postal-de-nadal-i-carta-als-reis-mags","status":"publish","type":"post","link":"https:\/\/agora.xtec.cat\/ceip-dolorsalmeda-cornella\/general\/postal-de-nadal-i-carta-als-reis-mags\/","title":{"rendered":"Postal de Nadal i carta als Reis Mags"},"content":{"rendered":"<p>Arriba el Nadal i alhora l&#8217;emoci\u00f3 i la il\u00b7lusi\u00f3 que envolta aquesta celebraci\u00f3.<\/p>\n<p>Aprofitant el moment i per tal de treballar l&#8217;expressi\u00f3 escrita d&#8217;una forma motivadora i significativa, els infants d&#8217;infantil i cicle inicial han decorat la postal de Nadal i han redactat la carta als Reis Mags d&#8217;Orient, una carta especial plena de desitjos bonics pel nou any on la fi del coronavirus ha estat el desig m\u00e9s demanat.<\/p>\n<p><a href=\"https:\/\/agora.xtec.cat\/ceip-dolorsalmeda-cornella\/wp-content\/uploads\/usu30\/2020\/12\/IMG_5838.jpg\"><img loading=\"lazy\" decoding=\"async\" class=\"alignnone wp-image-3274 size-medium\" src=\"https:\/\/agora.xtec.cat\/ceip-dolorsalmeda-cornella\/wp-content\/uploads\/usu30\/2020\/12\/IMG_5838-300x300.jpg\" alt=\"\" width=\"300\" height=\"300\" srcset=\"https:\/\/agora.xtec.cat\/ceip-dolorsalmeda-cornella\/wp-content\/uploads\/usu30\/2020\/12\/IMG_5838-300x300.jpg 300w, https:\/\/agora.xtec.cat\/ceip-dolorsalmeda-cornella\/wp-content\/uploads\/usu30\/2020\/12\/IMG_5838-150x150.jpg 150w, https:\/\/agora.xtec.cat\/ceip-dolorsalmeda-cornella\/wp-content\/uploads\/usu30\/2020\/12\/IMG_5838-768x768.jpg 768w, https:\/\/agora.xtec.cat\/ceip-dolorsalmeda-cornella\/wp-content\/uploads\/usu30\/2020\/12\/IMG_5838-1024x1024.jpg 1024w, https:\/\/agora.xtec.cat\/ceip-dolorsalmeda-cornella\/wp-content\/uploads\/usu30\/2020\/12\/IMG_5838.jpg 1512w\" sizes=\"auto, (max-width: 300px) 100vw, 300px\" \/><\/a><\/p>\n<p>Un cop finalitzades les tasques, vam decidir enviar les cartes dels alumnes per correu, activitat que ha perm\u00e8s con\u00e8ixer una miqueta m\u00e9s l&#8217;ofici dels carters i les carteres. Per la postal vam comprar els segells i amb l&#8217;ajuda de les fam\u00edlies els infants van escriure les adreces als sobres. Finalment, vam fer una breu sortida\u00a0 a la b\u00fastia de correus del barri per tirar-les all\u00e0. De tornada cap a l&#8217;escola vam passar\u00a0 tamb\u00e9 a\u00a0 depositar a la b\u00fastia m\u00e0gica del Mag Maginet les cartes pels Reis Mags.<\/p>\n<p>&nbsp;<\/p>\n<p><a href=\"https:\/\/agora.xtec.cat\/ceip-dolorsalmeda-cornella\/wp-content\/uploads\/usu30\/2020\/12\/IMG_2476.jpg\"><img loading=\"lazy\" decoding=\"async\" class=\"alignnone wp-image-3286\" src=\"https:\/\/agora.xtec.cat\/ceip-dolorsalmeda-cornella\/wp-content\/uploads\/usu30\/2020\/12\/IMG_2476-1024x768.jpg\" alt=\"\" width=\"295\" height=\"222\" srcset=\"https:\/\/agora.xtec.cat\/ceip-dolorsalmeda-cornella\/wp-content\/uploads\/usu30\/2020\/12\/IMG_2476-1024x768.jpg 1024w, https:\/\/agora.xtec.cat\/ceip-dolorsalmeda-cornella\/wp-content\/uploads\/usu30\/2020\/12\/IMG_2476-300x225.jpg 300w, https:\/\/agora.xtec.cat\/ceip-dolorsalmeda-cornella\/wp-content\/uploads\/usu30\/2020\/12\/IMG_2476-768x576.jpg 768w, https:\/\/agora.xtec.cat\/ceip-dolorsalmeda-cornella\/wp-content\/uploads\/usu30\/2020\/12\/IMG_2476-200x150.jpg 200w, https:\/\/agora.xtec.cat\/ceip-dolorsalmeda-cornella\/wp-content\/uploads\/usu30\/2020\/12\/IMG_2476.jpg 2016w\" sizes=\"auto, (max-width: 295px) 100vw, 295px\" \/><\/a> <a href=\"https:\/\/agora.xtec.cat\/ceip-dolorsalmeda-cornella\/wp-content\/uploads\/usu30\/2020\/12\/IMG_E2489.jpg\"><img loading=\"lazy\" decoding=\"async\" class=\"alignnone wp-image-3285\" src=\"https:\/\/agora.xtec.cat\/ceip-dolorsalmeda-cornella\/wp-content\/uploads\/usu30\/2020\/12\/IMG_E2489-1024x837.jpg\" alt=\"\" width=\"267\" height=\"218\" srcset=\"https:\/\/agora.xtec.cat\/ceip-dolorsalmeda-cornella\/wp-content\/uploads\/usu30\/2020\/12\/IMG_E2489-1024x837.jpg 1024w, https:\/\/agora.xtec.cat\/ceip-dolorsalmeda-cornella\/wp-content\/uploads\/usu30\/2020\/12\/IMG_E2489-300x245.jpg 300w, https:\/\/agora.xtec.cat\/ceip-dolorsalmeda-cornella\/wp-content\/uploads\/usu30\/2020\/12\/IMG_E2489-768x628.jpg 768w\" sizes=\"auto, (max-width: 267px) 100vw, 267px\" \/><\/a><\/p>\n<p>Ara nom\u00e9s queda esperar amb molta il\u00b7lusi\u00f3 l&#8217;arribada de la postal a casa i el dia de Reis per obrir els regals demanats!<\/p>\n","protected":false},"excerpt":{"rendered":"<p>Arriba el Nadal i alhora l&#8217;emoci\u00f3 i la il\u00b7lusi\u00f3 que envolta aquesta celebraci\u00f3.<br \/>\nAprofitant el moment i per tal de treballar l&#8217;expressi\u00f3 escrita d&#8217;una forma motivadora i significativa, els infants d&#8217;infantil i cicle inicial han decorat la postal de Nadal i han redactat la carta als&hellip;  <a href=\"https:\/\/agora.xtec.cat\/ceip-dolorsalmeda-cornella\/general\/postal-de-nadal-i-carta-als-reis-mags\/\" title=\"Read Postal de Nadal i carta als Reis Mags\">Llegeix m\u00e9s\u00bb<\/a><\/p>\n","protected":false},"author":6,"featured_media":3324,"comment_status":"open","ping_status":"closed","sticky":false,"template":"","format":"standard","meta":{"_bbp_topic_count":0,"_bbp_reply_count":0,"_bbp_total_topic_count":0,"_bbp_total_reply_count":0,"_bbp_voice_count":0,"_bbp_anonymous_reply_count":0,"_bbp_topic_count_hidden":0,"_bbp_reply_count_hidden":0,"_bbp_forum_subforum_count":0,"footnotes":""},"categories":[10,11,1,3,8,9,2,4,5],"tags":[170,74],"class_list":["post-3227","post","type-post","status-publish","format-standard","has-post-thumbnail","hentry","category-1r","category-2n","category-general","category-i3","category-i4","category-i5","category-infantil","category-portada","category-primaria","tag-carta","tag-nadal"],"post_mailing_queue_ids":[],"_links":{"self":[{"href":"https:\/\/agora.xtec.cat\/ceip-dolorsalmeda-cornella\/wp-json\/wp\/v2\/posts\/3227","targetHints":{"allow":["GET"]}}],"collection":[{"href":"https:\/\/agora.xtec.cat\/ceip-dolorsalmeda-cornella\/wp-json\/wp\/v2\/posts"}],"about":[{"href":"https:\/\/agora.xtec.cat\/ceip-dolorsalmeda-cornella\/wp-json\/wp\/v2\/types\/post"}],"author":[{"embeddable":true,"href":"https:\/\/agora.xtec.cat\/ceip-dolorsalmeda-cornella\/wp-json\/wp\/v2\/users\/6"}],"replies":[{"embeddable":true,"href":"https:\/\/agora.xtec.cat\/ceip-dolorsalmeda-cornella\/wp-json\/wp\/v2\/comments?post=3227"}],"version-history":[{"count":3,"href":"https:\/\/agora.xtec.cat\/ceip-dolorsalmeda-cornella\/wp-json\/wp\/v2\/posts\/3227\/revisions"}],"predecessor-version":[{"id":3287,"href":"https:\/\/agora.xtec.cat\/ceip-dolorsalmeda-cornella\/wp-json\/wp\/v2\/posts\/3227\/revisions\/3287"}],"wp:featuredmedia":[{"embeddable":true,"href":"https:\/\/agora.xtec.cat\/ceip-dolorsalmeda-cornella\/wp-json\/wp\/v2\/media\/3324"}],"wp:attachment":[{"href":"https:\/\/agora.xtec.cat\/ceip-dolorsalmeda-cornella\/wp-json\/wp\/v2\/media?parent=3227"}],"wp:term":[{"taxonomy":"category","embeddable":true,"href":"https:\/\/agora.xtec.cat\/ceip-dolorsalmeda-cornella\/wp-json\/wp\/v2\/categories?post=3227"},{"taxonomy":"post_tag","embeddable":true,"href":"https:\/\/agora.xtec.cat\/ceip-dolorsalmeda-cornella\/wp-json\/wp\/v2\/tags?post=3227"}],"curies":[{"name":"wp","href":"https:\/\/api.w.org\/{rel}","templated":true}]}}