{"id":3052,"date":"2020-10-27T22:09:03","date_gmt":"2020-10-27T21:09:03","guid":{"rendered":"https:\/\/agora.xtec.cat\/ceip-dolorsalmeda-cornella\/?p=3052"},"modified":"2020-11-05T23:00:08","modified_gmt":"2020-11-05T22:00:08","slug":"visita-al-cram","status":"publish","type":"post","link":"https:\/\/agora.xtec.cat\/ceip-dolorsalmeda-cornella\/general\/visita-al-cram\/","title":{"rendered":"Visita al CRAM"},"content":{"rendered":"<p>Dimecres passat els nens i nenes de P5 van fer la primera sortida d&#8217;aquest curs al Centre de Recuperaci\u00f3 d&#8217;Animals del Mar de El Prat de Llobregat.<\/p>\n<p>Amb emoci\u00f3 i curiositat els infants van poder descobrir la tasca d&#8217;aquest centre. El CRAM ajuda a aquells animals que estan malalts, malferits o han estat en captivitat i, a m\u00e9s, van aprendre a cuidar el nostre entorn i mantenir netes les platges per conservar la seva biodiversitat.<\/p>\n<p><a href=\"https:\/\/agora.xtec.cat\/ceip-dolorsalmeda-cornella\/wp-content\/uploads\/usu30\/2020\/10\/IMG_4282.jpg\"><img loading=\"lazy\" decoding=\"async\" class=\"alignnone  wp-image-3061\" src=\"https:\/\/agora.xtec.cat\/ceip-dolorsalmeda-cornella\/wp-content\/uploads\/usu30\/2020\/10\/IMG_4282-768x1024.jpg\" alt=\"\" width=\"358\" height=\"480\" \/><\/a><\/p>\n<p>Amb fotografies i hist\u00f2ries d&#8217;algunes tortugues que van arribar al centre, els nens i nenes van descobrir com, de vegades, les persones no tenim cura de la platja o dels nostres residus i un simple bastonet de les orelles pot acabar a la boca d&#8217;una tortuga i fer que no pugui menjar. D&#8217;altres tortugues, vivien al CRAM perqu\u00e8 despr\u00e9s d&#8217;estar molt de temps tancades en aq\u00fcaris petits havien oblidat com aconseguir menjar i ja mai m\u00e9s podrien tornar al mar. Amb paci\u00e8ncia i sense crits van esperar a veure-les a trav\u00e9s de les finestres i es van sorprendre\u00a0 en veure la seva mida i les seves potes amb forma d&#8217;aletes per nedar i despla\u00e7ar-se per l&#8217;aigua.<\/p>\n<p><iframe loading=\"lazy\" title=\"Tortuga al CRAM\" width=\"500\" height=\"281\" src=\"https:\/\/www.youtube.com\/embed\/JgfMqJjElBY?feature=oembed\" frameborder=\"0\" allow=\"accelerometer; autoplay; clipboard-write; encrypted-media; gyroscope; picture-in-picture; web-share\" referrerpolicy=\"strict-origin-when-cross-origin\" allowfullscreen><\/iframe><\/p>\n<p>Van aprendre com distingir una tortuga mascle, amb la cua llarga, d&#8217;una tortuga femella que t\u00e9 la cua curta. Van saber que la boca d&#8217;aquests animals es diu bec i t\u00e9 molta for\u00e7a. Van con\u00e8ixer com \u00e9s una tortuga per dins. Van saber que per curar-les havien de tapar-lis els ulls i aix\u00ed estaven m\u00e9s tranquil\u00b7les. Va ser una visita plena d&#8217;activitats i, a la vegada, va ajudar als infants a crear consci\u00e8ncia de que els animals del mar necessiten un espai net i lliure de brut\u00edcia produ\u00efda pels humans.<\/p>\n\n\t\t<style type=\"text\/css\">\n\t\t\t#gallery-1 {\n\t\t\t\tmargin: auto;\n\t\t\t}\n\t\t\t#gallery-1 .gallery-item {\n\t\t\t\tfloat: left;\n\t\t\t\tmargin-top: 10px;\n\t\t\t\ttext-align: center;\n\t\t\t\twidth: 33%;\n\t\t\t}\n\t\t\t#gallery-1 img {\n\t\t\t\tborder: 2px solid #cfcfcf;\n\t\t\t}\n\t\t\t#gallery-1 .gallery-caption {\n\t\t\t\tmargin-left: 0;\n\t\t\t}\n\t\t\t\/* see gallery_shortcode() in wp-includes\/media.php *\/\n\t\t<\/style>\n\t\t<div id='gallery-1' class='gallery galleryid-3052 gallery-columns-3 gallery-size-thumbnail'><dl class='gallery-item'>\n\t\t\t<dt class='gallery-icon landscape'>\n\t\t\t\t<a href='https:\/\/agora.xtec.cat\/ceip-dolorsalmeda-cornella\/general\/visita-al-cram\/attachment\/octubre-2020-042\/'><img loading=\"lazy\" decoding=\"async\" width=\"150\" height=\"150\" src=\"https:\/\/agora.xtec.cat\/ceip-dolorsalmeda-cornella\/wp-content\/uploads\/usu30\/2020\/10\/OCTUBRE-2020-042-150x150.jpg\" class=\"attachment-thumbnail size-thumbnail\" alt=\"\" \/><\/a>\n\t\t\t<\/dt><\/dl><dl class='gallery-item'>\n\t\t\t<dt class='gallery-icon landscape'>\n\t\t\t\t<a href='https:\/\/agora.xtec.cat\/ceip-dolorsalmeda-cornella\/general\/visita-al-cram\/attachment\/octubre-2020-040\/'><img loading=\"lazy\" decoding=\"async\" width=\"150\" height=\"150\" src=\"https:\/\/agora.xtec.cat\/ceip-dolorsalmeda-cornella\/wp-content\/uploads\/usu30\/2020\/10\/OCTUBRE-2020-040-150x150.jpg\" class=\"attachment-thumbnail size-thumbnail\" alt=\"\" \/><\/a>\n\t\t\t<\/dt><\/dl><dl class='gallery-item'>\n\t\t\t<dt class='gallery-icon landscape'>\n\t\t\t\t<a href='https:\/\/agora.xtec.cat\/ceip-dolorsalmeda-cornella\/general\/visita-al-cram\/attachment\/img_4252\/'><img loading=\"lazy\" decoding=\"async\" width=\"150\" height=\"150\" src=\"https:\/\/agora.xtec.cat\/ceip-dolorsalmeda-cornella\/wp-content\/uploads\/usu30\/2020\/10\/IMG_4252-150x150.jpg\" class=\"attachment-thumbnail size-thumbnail\" alt=\"\" \/><\/a>\n\t\t\t<\/dt><\/dl><br style=\"clear: both\" \/><dl class='gallery-item'>\n\t\t\t<dt class='gallery-icon portrait'>\n\t\t\t\t<a href='https:\/\/agora.xtec.cat\/ceip-dolorsalmeda-cornella\/general\/visita-al-cram\/attachment\/img_4290\/'><img loading=\"lazy\" decoding=\"async\" width=\"150\" height=\"150\" src=\"https:\/\/agora.xtec.cat\/ceip-dolorsalmeda-cornella\/wp-content\/uploads\/usu30\/2020\/10\/IMG_4290-150x150.jpg\" class=\"attachment-thumbnail size-thumbnail\" alt=\"\" \/><\/a>\n\t\t\t<\/dt><\/dl><dl class='gallery-item'>\n\t\t\t<dt class='gallery-icon landscape'>\n\t\t\t\t<a href='https:\/\/agora.xtec.cat\/ceip-dolorsalmeda-cornella\/general\/visita-al-cram\/attachment\/octubre-2020-057\/'><img loading=\"lazy\" decoding=\"async\" width=\"150\" height=\"150\" src=\"https:\/\/agora.xtec.cat\/ceip-dolorsalmeda-cornella\/wp-content\/uploads\/usu30\/2020\/10\/OCTUBRE-2020-057-150x150.jpg\" class=\"attachment-thumbnail size-thumbnail\" alt=\"\" \/><\/a>\n\t\t\t<\/dt><\/dl><dl class='gallery-item'>\n\t\t\t<dt class='gallery-icon landscape'>\n\t\t\t\t<a href='https:\/\/agora.xtec.cat\/ceip-dolorsalmeda-cornella\/general\/visita-al-cram\/attachment\/img_4281\/'><img loading=\"lazy\" decoding=\"async\" width=\"150\" height=\"150\" src=\"https:\/\/agora.xtec.cat\/ceip-dolorsalmeda-cornella\/wp-content\/uploads\/usu30\/2020\/10\/IMG_4281-150x150.jpg\" class=\"attachment-thumbnail size-thumbnail\" alt=\"\" \/><\/a>\n\t\t\t<\/dt><\/dl><br style=\"clear: both\" \/>\n\t\t<\/div>\n\n<p>I despr\u00e9s de tot un mat\u00ed fent jocs, visionant v\u00eddeos i fent activitats, b\u00e9 es mereix\u00edem una estona de joc al Parc Nou. Despr\u00e9s de dinar a les taules de picnic van poder gaudir del sol i la calor que la tardor va oferir.<\/p>\n<p><a href=\"https:\/\/agora.xtec.cat\/ceip-dolorsalmeda-cornella\/wp-content\/uploads\/usu30\/2020\/10\/IMG_4338.jpg\"><img loading=\"lazy\" decoding=\"async\" class=\"alignnone size-large wp-image-3060\" src=\"https:\/\/agora.xtec.cat\/ceip-dolorsalmeda-cornella\/wp-content\/uploads\/usu30\/2020\/10\/IMG_4338-768x1024.jpg\" alt=\"\" width=\"768\" height=\"1024\" srcset=\"https:\/\/agora.xtec.cat\/ceip-dolorsalmeda-cornella\/wp-content\/uploads\/usu30\/2020\/10\/IMG_4338-768x1024.jpg 768w, https:\/\/agora.xtec.cat\/ceip-dolorsalmeda-cornella\/wp-content\/uploads\/usu30\/2020\/10\/IMG_4338-225x300.jpg 225w, https:\/\/agora.xtec.cat\/ceip-dolorsalmeda-cornella\/wp-content\/uploads\/usu30\/2020\/10\/IMG_4338.jpg 1512w\" sizes=\"auto, (max-width: 768px) 100vw, 768px\" \/><\/a><\/p>\n","protected":false},"excerpt":{"rendered":"<p>Dimecres passat els nens i nenes de P5 van fer la primera sortida d&#8217;aquest curs al Centre de Recuperaci\u00f3 d&#8217;Animals del Mar de El Prat de Llobregat.<br \/>\nAmb emoci\u00f3 i curiositat els infants van poder descobrir la tasca d&#8217;aquest centre. El CRAM ajuda a aquells animals&hellip;  <a href=\"https:\/\/agora.xtec.cat\/ceip-dolorsalmeda-cornella\/general\/visita-al-cram\/\" title=\"Read Visita al CRAM\">Llegeix m\u00e9s\u00bb<\/a><\/p>\n","protected":false},"author":1,"featured_media":3061,"comment_status":"open","ping_status":"closed","sticky":false,"template":"","format":"standard","meta":{"_bbp_topic_count":0,"_bbp_reply_count":0,"_bbp_total_topic_count":0,"_bbp_total_reply_count":0,"_bbp_voice_count":0,"_bbp_anonymous_reply_count":0,"_bbp_topic_count_hidden":0,"_bbp_reply_count_hidden":0,"_bbp_forum_subforum_count":0,"footnotes":""},"categories":[1,9,2,4],"tags":[237,113,16],"class_list":["post-3052","post","type-post","status-publish","format-standard","has-post-thumbnail","hentry","category-general","category-i5","category-infantil","category-portada","tag-cram","tag-sortida","tag-sortides"],"post_mailing_queue_ids":[],"_links":{"self":[{"href":"https:\/\/agora.xtec.cat\/ceip-dolorsalmeda-cornella\/wp-json\/wp\/v2\/posts\/3052","targetHints":{"allow":["GET"]}}],"collection":[{"href":"https:\/\/agora.xtec.cat\/ceip-dolorsalmeda-cornella\/wp-json\/wp\/v2\/posts"}],"about":[{"href":"https:\/\/agora.xtec.cat\/ceip-dolorsalmeda-cornella\/wp-json\/wp\/v2\/types\/post"}],"author":[{"embeddable":true,"href":"https:\/\/agora.xtec.cat\/ceip-dolorsalmeda-cornella\/wp-json\/wp\/v2\/users\/1"}],"replies":[{"embeddable":true,"href":"https:\/\/agora.xtec.cat\/ceip-dolorsalmeda-cornella\/wp-json\/wp\/v2\/comments?post=3052"}],"version-history":[{"count":3,"href":"https:\/\/agora.xtec.cat\/ceip-dolorsalmeda-cornella\/wp-json\/wp\/v2\/posts\/3052\/revisions"}],"predecessor-version":[{"id":3088,"href":"https:\/\/agora.xtec.cat\/ceip-dolorsalmeda-cornella\/wp-json\/wp\/v2\/posts\/3052\/revisions\/3088"}],"wp:featuredmedia":[{"embeddable":true,"href":"https:\/\/agora.xtec.cat\/ceip-dolorsalmeda-cornella\/wp-json\/wp\/v2\/media\/3061"}],"wp:attachment":[{"href":"https:\/\/agora.xtec.cat\/ceip-dolorsalmeda-cornella\/wp-json\/wp\/v2\/media?parent=3052"}],"wp:term":[{"taxonomy":"category","embeddable":true,"href":"https:\/\/agora.xtec.cat\/ceip-dolorsalmeda-cornella\/wp-json\/wp\/v2\/categories?post=3052"},{"taxonomy":"post_tag","embeddable":true,"href":"https:\/\/agora.xtec.cat\/ceip-dolorsalmeda-cornella\/wp-json\/wp\/v2\/tags?post=3052"}],"curies":[{"name":"wp","href":"https:\/\/api.w.org\/{rel}","templated":true}]}}