{"id":3046,"date":"2020-10-21T13:37:09","date_gmt":"2020-10-21T11:37:09","guid":{"rendered":"https:\/\/agora.xtec.cat\/ceip-dolorsalmeda-cornella\/?p=3046"},"modified":"2020-10-26T13:25:39","modified_gmt":"2020-10-26T12:25:39","slug":"visita-a-la-granja-can-pidelaserra","status":"publish","type":"post","link":"https:\/\/agora.xtec.cat\/ceip-dolorsalmeda-cornella\/general\/visita-a-la-granja-can-pidelaserra\/","title":{"rendered":"Visita a la Granja Can Pidelaserra"},"content":{"rendered":"<p><a href=\"https:\/\/agora.xtec.cat\/ceip-dolorsalmeda-cornella\/wp-content\/uploads\/usu30\/2020\/10\/granja1.jpg\"><img loading=\"lazy\" decoding=\"async\" class=\"wp-image-3048 aligncenter\" src=\"https:\/\/agora.xtec.cat\/ceip-dolorsalmeda-cornella\/wp-content\/uploads\/usu30\/2020\/10\/granja1.jpg\" alt=\"\" width=\"255\" height=\"255\" srcset=\"https:\/\/agora.xtec.cat\/ceip-dolorsalmeda-cornella\/wp-content\/uploads\/usu30\/2020\/10\/granja1.jpg 800w, https:\/\/agora.xtec.cat\/ceip-dolorsalmeda-cornella\/wp-content\/uploads\/usu30\/2020\/10\/granja1-150x150.jpg 150w, https:\/\/agora.xtec.cat\/ceip-dolorsalmeda-cornella\/wp-content\/uploads\/usu30\/2020\/10\/granja1-300x300.jpg 300w, https:\/\/agora.xtec.cat\/ceip-dolorsalmeda-cornella\/wp-content\/uploads\/usu30\/2020\/10\/granja1-768x768.jpg 768w\" sizes=\"auto, (max-width: 255px) 100vw, 255px\" \/><\/a><\/p>\n<p style=\"text-align: justify;\">El passat 14 d&#8217;octubre, els infants de P4 van anar de sortida a la Granja Can Pidelaserra de Castellbisbal. Cada grup va poder visitar la granja, veure, tocar i donar de menjar als diferents animals tot descobrint qu\u00e8 menja cadasc\u00fa. Aix\u00ed van poder gaudir de les cabres, les ovelles, els conills, els pollets, el gall i les gallines, George el porquet, cavalls, ases&#8230; Tamb\u00e9 van visitar l&#8217;hort, observant les diferents hortalisses i despertar els sentits amb les olors de les plantes arom\u00e0tiques. Un dia molt complert amb p\u00edcnic a l&#8217;aire lliure incl\u00f2s i una estona de joc lliure.<\/p>\n<p><a href=\"https:\/\/photos.app.goo.gl\/d2bp1rMzCg7dhSJ18\">FOTOS GRANJA<\/a><\/p>\n","protected":false},"excerpt":{"rendered":"<p><a href=\"https:\/\/agora.xtec.cat\/ceip-dolorsalmeda-cornella\/wp-content\/uploads\/usu30\/2020\/10\/granja1.jpg\"><\/a><br \/>\nEl passat 14 d&#8217;octubre, els infants de P4 van anar de sortida a la Granja Can Pidelaserra de Castellbisbal. Cada grup va poder visitar la granja, veure, tocar i donar de menjar als diferents animals tot descobrint qu\u00e8 menja cadasc\u00fa. Aix\u00ed van poder gaudir&hellip;  <a href=\"https:\/\/agora.xtec.cat\/ceip-dolorsalmeda-cornella\/general\/visita-a-la-granja-can-pidelaserra\/\" title=\"Read Visita a la Granja Can Pidelaserra\">Llegeix m\u00e9s\u00bb<\/a><\/p>\n","protected":false},"author":1,"featured_media":3048,"comment_status":"open","ping_status":"closed","sticky":false,"template":"","format":"standard","meta":{"_bbp_topic_count":0,"_bbp_reply_count":0,"_bbp_total_topic_count":0,"_bbp_total_reply_count":0,"_bbp_voice_count":0,"_bbp_anonymous_reply_count":0,"_bbp_topic_count_hidden":0,"_bbp_reply_count_hidden":0,"_bbp_forum_subforum_count":0,"footnotes":""},"categories":[1,8,2,4],"tags":[144,113,16],"class_list":["post-3046","post","type-post","status-publish","format-standard","has-post-thumbnail","hentry","category-general","category-i4","category-infantil","category-portada","tag-granja","tag-sortida","tag-sortides"],"post_mailing_queue_ids":[],"_links":{"self":[{"href":"https:\/\/agora.xtec.cat\/ceip-dolorsalmeda-cornella\/wp-json\/wp\/v2\/posts\/3046","targetHints":{"allow":["GET"]}}],"collection":[{"href":"https:\/\/agora.xtec.cat\/ceip-dolorsalmeda-cornella\/wp-json\/wp\/v2\/posts"}],"about":[{"href":"https:\/\/agora.xtec.cat\/ceip-dolorsalmeda-cornella\/wp-json\/wp\/v2\/types\/post"}],"author":[{"embeddable":true,"href":"https:\/\/agora.xtec.cat\/ceip-dolorsalmeda-cornella\/wp-json\/wp\/v2\/users\/1"}],"replies":[{"embeddable":true,"href":"https:\/\/agora.xtec.cat\/ceip-dolorsalmeda-cornella\/wp-json\/wp\/v2\/comments?post=3046"}],"version-history":[{"count":2,"href":"https:\/\/agora.xtec.cat\/ceip-dolorsalmeda-cornella\/wp-json\/wp\/v2\/posts\/3046\/revisions"}],"predecessor-version":[{"id":3049,"href":"https:\/\/agora.xtec.cat\/ceip-dolorsalmeda-cornella\/wp-json\/wp\/v2\/posts\/3046\/revisions\/3049"}],"wp:featuredmedia":[{"embeddable":true,"href":"https:\/\/agora.xtec.cat\/ceip-dolorsalmeda-cornella\/wp-json\/wp\/v2\/media\/3048"}],"wp:attachment":[{"href":"https:\/\/agora.xtec.cat\/ceip-dolorsalmeda-cornella\/wp-json\/wp\/v2\/media?parent=3046"}],"wp:term":[{"taxonomy":"category","embeddable":true,"href":"https:\/\/agora.xtec.cat\/ceip-dolorsalmeda-cornella\/wp-json\/wp\/v2\/categories?post=3046"},{"taxonomy":"post_tag","embeddable":true,"href":"https:\/\/agora.xtec.cat\/ceip-dolorsalmeda-cornella\/wp-json\/wp\/v2\/tags?post=3046"}],"curies":[{"name":"wp","href":"https:\/\/api.w.org\/{rel}","templated":true}]}}