{"id":3031,"date":"2020-10-04T19:32:41","date_gmt":"2020-10-04T17:32:41","guid":{"rendered":"https:\/\/agora.xtec.cat\/ceip-dolorsalmeda-cornella\/?p=3031"},"modified":"2020-10-04T19:32:41","modified_gmt":"2020-10-04T17:32:41","slug":"verema-a-can-ribas","status":"publish","type":"post","link":"https:\/\/agora.xtec.cat\/ceip-dolorsalmeda-cornella\/general\/verema-a-can-ribas\/","title":{"rendered":"Verema a Can Ribas"},"content":{"rendered":"<p>Els nens i nenes de segon han gaudit d&#8217;un dia meravell\u00f3s a Can Ribas de Bigues i Riells. Han vist de prop les vinyes, han estat al celler i el m\u00e9s divertit de tot \u00e9s que han pogut trepitjar ra\u00efm com uns veritables veremadors i veremadores.<\/p>\n<p>Han conegut de primera m\u00e0 el proc\u00e9s d&#8217;elaboraci\u00f3 del vi i han gaudit d&#8217;una experi\u00e8ncia \u00fanica.<\/p>\n<p><a href=\"https:\/\/photos.app.goo.gl\/ZVNSThLoCFuF2qfF8\">FOTOS\u00a0<\/a><\/p>\n","protected":false},"excerpt":{"rendered":"<p>Els nens i nenes de segon han gaudit d&#8217;un dia meravell\u00f3s a Can Ribas de Bigues i Riells. Han vist de prop les vinyes, han estat al celler i el m\u00e9s divertit de tot \u00e9s que han pogut trepitjar ra\u00efm com uns veritables veremadors i&hellip;  <a href=\"https:\/\/agora.xtec.cat\/ceip-dolorsalmeda-cornella\/general\/verema-a-can-ribas\/\" title=\"Read Verema a Can Ribas\">Llegeix m\u00e9s\u00bb<\/a><\/p>\n","protected":false},"author":6,"featured_media":3032,"comment_status":"open","ping_status":"closed","sticky":false,"template":"","format":"standard","meta":{"_bbp_topic_count":0,"_bbp_reply_count":0,"_bbp_total_topic_count":0,"_bbp_total_reply_count":0,"_bbp_voice_count":0,"_bbp_anonymous_reply_count":0,"_bbp_topic_count_hidden":0,"_bbp_reply_count_hidden":0,"_bbp_forum_subforum_count":0,"footnotes":""},"categories":[11,1,4,5],"tags":[70],"class_list":["post-3031","post","type-post","status-publish","format-standard","has-post-thumbnail","hentry","category-2n","category-general","category-portada","category-primaria","tag-verema"],"post_mailing_queue_ids":[],"_links":{"self":[{"href":"https:\/\/agora.xtec.cat\/ceip-dolorsalmeda-cornella\/wp-json\/wp\/v2\/posts\/3031","targetHints":{"allow":["GET"]}}],"collection":[{"href":"https:\/\/agora.xtec.cat\/ceip-dolorsalmeda-cornella\/wp-json\/wp\/v2\/posts"}],"about":[{"href":"https:\/\/agora.xtec.cat\/ceip-dolorsalmeda-cornella\/wp-json\/wp\/v2\/types\/post"}],"author":[{"embeddable":true,"href":"https:\/\/agora.xtec.cat\/ceip-dolorsalmeda-cornella\/wp-json\/wp\/v2\/users\/6"}],"replies":[{"embeddable":true,"href":"https:\/\/agora.xtec.cat\/ceip-dolorsalmeda-cornella\/wp-json\/wp\/v2\/comments?post=3031"}],"version-history":[{"count":1,"href":"https:\/\/agora.xtec.cat\/ceip-dolorsalmeda-cornella\/wp-json\/wp\/v2\/posts\/3031\/revisions"}],"predecessor-version":[{"id":3033,"href":"https:\/\/agora.xtec.cat\/ceip-dolorsalmeda-cornella\/wp-json\/wp\/v2\/posts\/3031\/revisions\/3033"}],"wp:featuredmedia":[{"embeddable":true,"href":"https:\/\/agora.xtec.cat\/ceip-dolorsalmeda-cornella\/wp-json\/wp\/v2\/media\/3032"}],"wp:attachment":[{"href":"https:\/\/agora.xtec.cat\/ceip-dolorsalmeda-cornella\/wp-json\/wp\/v2\/media?parent=3031"}],"wp:term":[{"taxonomy":"category","embeddable":true,"href":"https:\/\/agora.xtec.cat\/ceip-dolorsalmeda-cornella\/wp-json\/wp\/v2\/categories?post=3031"},{"taxonomy":"post_tag","embeddable":true,"href":"https:\/\/agora.xtec.cat\/ceip-dolorsalmeda-cornella\/wp-json\/wp\/v2\/tags?post=3031"}],"curies":[{"name":"wp","href":"https:\/\/api.w.org\/{rel}","templated":true}]}}