{"id":2921,"date":"2020-06-02T17:46:36","date_gmt":"2020-06-02T15:46:36","guid":{"rendered":"https:\/\/agora.xtec.cat\/ceip-dolorsalmeda-cornella\/?p=2921"},"modified":"2020-06-03T10:24:28","modified_gmt":"2020-06-03T08:24:28","slug":"un-nou-conte-3","status":"publish","type":"post","link":"https:\/\/agora.xtec.cat\/ceip-dolorsalmeda-cornella\/general\/un-nou-conte-3\/","title":{"rendered":"Un nou conte!"},"content":{"rendered":"<p><a href=\"https:\/\/agora.xtec.cat\/ceip-dolorsalmeda-cornella\/wp-content\/uploads\/usu30\/2020\/06\/dos-ninos-estan-leyendo-libro-sentado-silla-grande-comoda_33070-4301.jpg\"><img loading=\"lazy\" decoding=\"async\" class=\"wp-image-2922 aligncenter\" src=\"https:\/\/agora.xtec.cat\/ceip-dolorsalmeda-cornella\/wp-content\/uploads\/usu30\/2020\/06\/dos-ninos-estan-leyendo-libro-sentado-silla-grande-comoda_33070-4301.jpg\" alt=\"\" width=\"194\" height=\"194\" srcset=\"https:\/\/agora.xtec.cat\/ceip-dolorsalmeda-cornella\/wp-content\/uploads\/usu30\/2020\/06\/dos-ninos-estan-leyendo-libro-sentado-silla-grande-comoda_33070-4301.jpg 626w, https:\/\/agora.xtec.cat\/ceip-dolorsalmeda-cornella\/wp-content\/uploads\/usu30\/2020\/06\/dos-ninos-estan-leyendo-libro-sentado-silla-grande-comoda_33070-4301-150x150.jpg 150w, https:\/\/agora.xtec.cat\/ceip-dolorsalmeda-cornella\/wp-content\/uploads\/usu30\/2020\/06\/dos-ninos-estan-leyendo-libro-sentado-silla-grande-comoda_33070-4301-300x300.jpg 300w\" sizes=\"auto, (max-width: 194px) 100vw, 194px\" \/><\/a><\/p>\n<p>Hola nenes i nens!<\/p>\n<p>Avui el Jaume Centelles ens presenta l&#8217;\u00faltim llibre des de que va iniciar la seva s\u00e8rie de contes el 23 de mar\u00e7. El conte s&#8217;anomena <span style=\"background-color: #ffffff; color: #222222; direction: ltr; float: none; font-family: inherit; font-size: 1em; font-style: normal; font-variant: normal; font-weight: normal; letter-spacing: normal; line-height: 1.6; text-align: left; text-decoration: none; text-indent: 0px; text-transform: none;\">\u00abWon, un pag\u00e8s tibet\u00e0\u00bb, <\/span>una adaptaci\u00f3 d\u2019un relat d\u2019en Daniel Mato que es troba en el seu assaig \u201cComo contar cuentos\u201d. Al v\u00eddeo veureu que el Jaume explica la hist\u00f2ria amb una cinta m\u00e8trica de les dels fusters, que li serveix per anar dibuixant alguns elements del relat.<\/p>\n<p><a href=\"https:\/\/youtu.be\/UEWcTgI7Gzo\">https:\/\/youtu.be\/UEWcTgI7Gzo<\/a><\/p>\n<p><strong>Proposta did\u00e0ctica: fem una flor en popup.<\/strong><\/p>\n<p>L\u2019avi Won no va poder aconseguir la seva flor de color f\u00facsia per\u00f2 vosaltres en podeu fer una i regalar-la a qui us vingui de gust. Com si fos una targeta de felicitaci\u00f3.<br \/>\nEls passos s\u00f3n:<br \/>\nPrimer dibuixeu els p\u00e8tals com els de la plantilla seg\u00fcent i els pinteu de color f\u00facsia o del color que us agradi m\u00e9s.<\/p>\n<p><a href=\"https:\/\/jaumecentelles.files.wordpress.com\/2020\/05\/img-20200531-wa0013.jpg\"><img loading=\"lazy\" decoding=\"async\" class=\"aligncenter wp-image-13282\" src=\"https:\/\/jaumecentelles.files.wordpress.com\/2020\/05\/img-20200531-wa0013.jpg?w=1024&amp;h=511\" alt=\"\" width=\"477\" height=\"238\" data-attachment-id=\"13282\" data-permalink=\"https:\/\/jaumecentelles.cat\/2020\/06\/01\/llibres-i-propostes-per-al-confinament-i-11-won-un-pages-tibeta\/img-20200531-wa0013\/#main\" data-orig-file=\"https:\/\/jaumecentelles.files.wordpress.com\/2020\/05\/img-20200531-wa0013.jpg\" data-orig-size=\"1483,740\" data-comments-opened=\"1\" data-image-meta=\"{&quot;aperture&quot;:&quot;0&quot;,&quot;credit&quot;:&quot;&quot;,&quot;camera&quot;:&quot;&quot;,&quot;caption&quot;:&quot;&quot;,&quot;created_timestamp&quot;:&quot;1590925795&quot;,&quot;copyright&quot;:&quot;&quot;,&quot;focal_length&quot;:&quot;0&quot;,&quot;iso&quot;:&quot;0&quot;,&quot;shutter_speed&quot;:&quot;0&quot;,&quot;title&quot;:&quot;&quot;,&quot;orientation&quot;:&quot;1&quot;}\" data-image-title=\"IMG-20200531-WA0013\" data-image-description=\"\" data-medium-file=\"https:\/\/jaumecentelles.files.wordpress.com\/2020\/05\/img-20200531-wa0013.jpg?w=300\" data-large-file=\"https:\/\/jaumecentelles.files.wordpress.com\/2020\/05\/img-20200531-wa0013.jpg?w=660\" \/><\/a><\/p>\n<p>Despr\u00e9s retalleu els dos dibuixos i els doblegueu per les l\u00ednies de punts. Agafeu una cartolina de mida DINA8 i enganxeu al mig les dues plantilles, (primer la n\u00famero 1 i a sobre la 2) fent coincidir el plec amb les l\u00ednies de punts centrals. Hem fet servir un fons negre, per\u00f2 vosaltres podeu fer-ho en color blanc i guarnir-lo o dibuixar insectes, plantes, paraules o frases\u2026 tot s\u2019hi val.<\/p>\n<p><a href=\"https:\/\/jaumecentelles.files.wordpress.com\/2020\/05\/img-20200531-wa0009.jpg\"><img loading=\"lazy\" decoding=\"async\" class=\"aligncenter wp-image-13283\" src=\"https:\/\/jaumecentelles.files.wordpress.com\/2020\/05\/img-20200531-wa0009.jpg?w=1024&amp;h=768\" alt=\"\" width=\"466\" height=\"350\" data-attachment-id=\"13283\" data-permalink=\"https:\/\/jaumecentelles.cat\/2020\/06\/01\/llibres-i-propostes-per-al-confinament-i-11-won-un-pages-tibeta\/img-20200531-wa0009\/#main\" data-orig-file=\"https:\/\/jaumecentelles.files.wordpress.com\/2020\/05\/img-20200531-wa0009.jpg\" data-orig-size=\"1600,1200\" data-comments-opened=\"1\" data-image-meta=\"{&quot;aperture&quot;:&quot;0&quot;,&quot;credit&quot;:&quot;&quot;,&quot;camera&quot;:&quot;&quot;,&quot;caption&quot;:&quot;&quot;,&quot;created_timestamp&quot;:&quot;0&quot;,&quot;copyright&quot;:&quot;&quot;,&quot;focal_length&quot;:&quot;0&quot;,&quot;iso&quot;:&quot;0&quot;,&quot;shutter_speed&quot;:&quot;0&quot;,&quot;title&quot;:&quot;&quot;,&quot;orientation&quot;:&quot;0&quot;}\" data-image-title=\"IMG-20200531-WA0009\" data-image-description=\"\" data-medium-file=\"https:\/\/jaumecentelles.files.wordpress.com\/2020\/05\/img-20200531-wa0009.jpg?w=300\" data-large-file=\"https:\/\/jaumecentelles.files.wordpress.com\/2020\/05\/img-20200531-wa0009.jpg?w=660\" \/><\/a><\/p>\n<p>Seguiu els vostres somnis i no deixeu passar l\u2019oportunitat d\u2019aconseguir-los!<\/p>\n<p>&nbsp;<\/p>\n","protected":false},"excerpt":{"rendered":"<p><a href=\"https:\/\/agora.xtec.cat\/ceip-dolorsalmeda-cornella\/wp-content\/uploads\/usu30\/2020\/06\/dos-ninos-estan-leyendo-libro-sentado-silla-grande-comoda_33070-4301.jpg\"><\/a><br \/>\nHola nenes i nens!<br \/>\nAvui el Jaume Centelles ens presenta l&#8217;\u00faltim llibre des de que va iniciar la seva s\u00e8rie de contes el 23 de mar\u00e7. El conte s&#8217;anomena \u00abWon, un pag\u00e8s tibet\u00e0\u00bb, una adaptaci\u00f3 d\u2019un relat d\u2019en Daniel Mato que es troba en el&hellip;  <a href=\"https:\/\/agora.xtec.cat\/ceip-dolorsalmeda-cornella\/general\/un-nou-conte-3\/\" title=\"Read Un nou conte!\">Llegeix m\u00e9s\u00bb<\/a><\/p>\n","protected":false},"author":1,"featured_media":2922,"comment_status":"open","ping_status":"closed","sticky":false,"template":"","format":"standard","meta":{"_bbp_topic_count":0,"_bbp_reply_count":0,"_bbp_total_topic_count":0,"_bbp_total_reply_count":0,"_bbp_voice_count":0,"_bbp_anonymous_reply_count":0,"_bbp_topic_count_hidden":0,"_bbp_reply_count_hidden":0,"_bbp_forum_subforum_count":0,"footnotes":""},"categories":[1,2,4,5],"tags":[76],"class_list":["post-2921","post","type-post","status-publish","format-standard","has-post-thumbnail","hentry","category-general","category-infantil","category-portada","category-primaria","tag-biblioteca"],"post_mailing_queue_ids":[],"_links":{"self":[{"href":"https:\/\/agora.xtec.cat\/ceip-dolorsalmeda-cornella\/wp-json\/wp\/v2\/posts\/2921","targetHints":{"allow":["GET"]}}],"collection":[{"href":"https:\/\/agora.xtec.cat\/ceip-dolorsalmeda-cornella\/wp-json\/wp\/v2\/posts"}],"about":[{"href":"https:\/\/agora.xtec.cat\/ceip-dolorsalmeda-cornella\/wp-json\/wp\/v2\/types\/post"}],"author":[{"embeddable":true,"href":"https:\/\/agora.xtec.cat\/ceip-dolorsalmeda-cornella\/wp-json\/wp\/v2\/users\/1"}],"replies":[{"embeddable":true,"href":"https:\/\/agora.xtec.cat\/ceip-dolorsalmeda-cornella\/wp-json\/wp\/v2\/comments?post=2921"}],"version-history":[{"count":3,"href":"https:\/\/agora.xtec.cat\/ceip-dolorsalmeda-cornella\/wp-json\/wp\/v2\/posts\/2921\/revisions"}],"predecessor-version":[{"id":2932,"href":"https:\/\/agora.xtec.cat\/ceip-dolorsalmeda-cornella\/wp-json\/wp\/v2\/posts\/2921\/revisions\/2932"}],"wp:featuredmedia":[{"embeddable":true,"href":"https:\/\/agora.xtec.cat\/ceip-dolorsalmeda-cornella\/wp-json\/wp\/v2\/media\/2922"}],"wp:attachment":[{"href":"https:\/\/agora.xtec.cat\/ceip-dolorsalmeda-cornella\/wp-json\/wp\/v2\/media?parent=2921"}],"wp:term":[{"taxonomy":"category","embeddable":true,"href":"https:\/\/agora.xtec.cat\/ceip-dolorsalmeda-cornella\/wp-json\/wp\/v2\/categories?post=2921"},{"taxonomy":"post_tag","embeddable":true,"href":"https:\/\/agora.xtec.cat\/ceip-dolorsalmeda-cornella\/wp-json\/wp\/v2\/tags?post=2921"}],"curies":[{"name":"wp","href":"https:\/\/api.w.org\/{rel}","templated":true}]}}