{"id":2879,"date":"2020-05-25T17:07:15","date_gmt":"2020-05-25T15:07:15","guid":{"rendered":"https:\/\/agora.xtec.cat\/ceip-dolorsalmeda-cornella\/?p=2879"},"modified":"2020-05-25T17:07:15","modified_gmt":"2020-05-25T15:07:15","slug":"com-cada-dilluns-un-nou-conte-3","status":"publish","type":"post","link":"https:\/\/agora.xtec.cat\/ceip-dolorsalmeda-cornella\/general\/com-cada-dilluns-un-nou-conte-3\/","title":{"rendered":"Com cada dilluns, un nou conte!"},"content":{"rendered":"<p>&nbsp;<\/p>\n<p><a href=\"https:\/\/agora.xtec.cat\/ceip-dolorsalmeda-cornella\/wp-content\/uploads\/usu30\/2020\/05\/cartoon-boy-girl-were-readings-story_29190-3005.jpg\"><img loading=\"lazy\" decoding=\"async\" class=\"wp-image-2880 aligncenter\" src=\"https:\/\/agora.xtec.cat\/ceip-dolorsalmeda-cornella\/wp-content\/uploads\/usu30\/2020\/05\/cartoon-boy-girl-were-readings-story_29190-3005.jpg\" alt=\"\" width=\"397\" height=\"321\" srcset=\"https:\/\/agora.xtec.cat\/ceip-dolorsalmeda-cornella\/wp-content\/uploads\/usu30\/2020\/05\/cartoon-boy-girl-were-readings-story_29190-3005.jpg 626w, https:\/\/agora.xtec.cat\/ceip-dolorsalmeda-cornella\/wp-content\/uploads\/usu30\/2020\/05\/cartoon-boy-girl-were-readings-story_29190-3005-300x242.jpg 300w\" sizes=\"auto, (max-width: 397px) 100vw, 397px\" \/><\/a><\/p>\n<p>Avui el Jaume Centelles ens presenta un conte anomenat \u00ab<strong>Uncle Einar<\/strong>\u00bb escrit per <strong>Ray Bradbury. <\/strong>Aquest autor tamb\u00e9 va escriure aventures de ci\u00e8ncia ficci\u00f3, terror i fantasia. Se\u2019l recorda, sobretot, per les\u00a0Cr\u00f2niques marcianes\u00a0i la novel\u00b7la<a href=\"https:\/\/jaumecentelles.files.wordpress.com\/2011\/02\/mb38-fahrenheit-451.pdf\">\u00a0Fahrenheit 451<\/a>.<\/p>\n<p>Al v\u00eddeo d&#8217;aquest dilluns el Jaume ens explica aquest llibre com\u00a0<strong>\u201cla hist\u00f2ria de l\u2019home de les ales verdes&#8221;. <\/strong>L\u2019oncle Einar t\u00e9 unes ales que li permeten volar a la nit, quan ning\u00fa no el veu. Un dia, una topada amb un pal d\u2019alta tensi\u00f3 fa que perdi la capacitat d\u2019orientaci\u00f3, aquella mena de radar que tenen alguns animals com els ratpenats. Aquella p\u00e8rdua de percepci\u00f3 nocturna serveix perqu\u00e8 l\u2019oncle Einar conegu\u00e9s a la Brunil\u00b7la, amb qui, com ja podeu imaginar, acaba casant-s\u2019hi.<\/p>\n<p>La Brunil\u00b7la i l\u2019Einar vivien feli\u00e7os i tenien quatre fills per\u00f2 un dia, l\u2019home de les ales verdes es va adonar que la seva percepci\u00f3 nocturna s\u2019havia perdut per sempre m\u00e9s. Aquesta certesa el va deprimeir i es va obsessionar amb el cel, els n\u00favols i els horitzons infinits, definitivament tancats per a ell.<br \/>\nPer\u00f2 no tot estava perdut perqu\u00e8 va descobrir la manera de volar durant el dia sense que ning\u00fa no sospit\u00e9s qui era. Aix\u00ed s\u2019arriba al final feli\u00e7 esperat.<\/p>\n<p><a href=\"https:\/\/youtu.be\/dxTxSU5fMd8\">https:\/\/youtu.be\/dxTxSU5fMd8<\/a><\/p>\n<p><strong>La proposta did\u00e0ctica d&#8217;aquesta setmana \u00e9s fer un estel.<\/strong><\/p>\n<p>Per fer un senzill estel casol\u00e0 necessitareu:<\/p>\n<ul style=\"list-style-type: disc\">\n<li>2 pals (els pals de jard\u00ed s\u00f3n ideals, per\u00f2 si no en teniu podeu usar les broquetes de fusta)<\/li>\n<li>Corda fina, cordill o fil de pescar.<\/li>\n<li>Una bossa de pl\u00e0stic o papers de seda.<\/li>\n<li>Cel\u00b7lo i tisores.<\/li>\n<\/ul>\n<div class=\"entry-content\">\n<p><a href=\"https:\/\/jaumecentelles.files.wordpress.com\/2020\/05\/cometa.jpg\"><img loading=\"lazy\" decoding=\"async\" class=\"aligncenter  wp-image-13245\" src=\"https:\/\/jaumecentelles.files.wordpress.com\/2020\/05\/cometa.jpg?w=660\" alt=\"\" width=\"417\" height=\"319\" data-attachment-id=\"13245\" data-permalink=\"https:\/\/jaumecentelles.cat\/2020\/05\/25\/llibres-i-propostes-per-al-confinament-10-lhome-de-les-ales-verdes\/cometa-2\/#main\" data-orig-file=\"https:\/\/jaumecentelles.files.wordpress.com\/2020\/05\/cometa.jpg\" data-orig-size=\"400,306\" data-comments-opened=\"1\" data-image-meta=\"{&quot;aperture&quot;:&quot;0&quot;,&quot;credit&quot;:&quot;&quot;,&quot;camera&quot;:&quot;&quot;,&quot;caption&quot;:&quot;&quot;,&quot;created_timestamp&quot;:&quot;0&quot;,&quot;copyright&quot;:&quot;&quot;,&quot;focal_length&quot;:&quot;0&quot;,&quot;iso&quot;:&quot;0&quot;,&quot;shutter_speed&quot;:&quot;0&quot;,&quot;title&quot;:&quot;&quot;,&quot;orientation&quot;:&quot;0&quot;}\" data-image-title=\"cometa\" data-image-description=\"\" data-medium-file=\"https:\/\/jaumecentelles.files.wordpress.com\/2020\/05\/cometa.jpg?w=300\" data-large-file=\"https:\/\/jaumecentelles.files.wordpress.com\/2020\/05\/cometa.jpg?w=400\" \/><\/a><\/p>\n<p>Quan el tingueu fet, espereu un dia una mica vent\u00f3s i sortiu al carrer a provar-lo. Sort! Segur que vola!<\/p>\n<\/div>\n<p>&nbsp;<\/p>\n","protected":false},"excerpt":{"rendered":"<p>&nbsp;<br \/>\n<a href=\"https:\/\/agora.xtec.cat\/ceip-dolorsalmeda-cornella\/wp-content\/uploads\/usu30\/2020\/05\/cartoon-boy-girl-were-readings-story_29190-3005.jpg\"><\/a><br \/>\nAvui el Jaume Centelles ens presenta un conte anomenat \u00abUncle Einar\u00bb escrit per Ray Bradbury. Aquest autor tamb\u00e9 va escriure aventures de ci\u00e8ncia ficci\u00f3, terror i fantasia. Se\u2019l recorda, sobretot, per les\u00a0Cr\u00f2niques marcianes\u00a0i la novel\u00b7la<a href=\"https:\/\/jaumecentelles.files.wordpress.com\/2011\/02\/mb38-fahrenheit-451.pdf\">\u00a0Fahrenheit 451<\/a>.<br \/>\nAl v\u00eddeo d&#8217;aquest dilluns el Jaume ens explica&hellip;  <a href=\"https:\/\/agora.xtec.cat\/ceip-dolorsalmeda-cornella\/general\/com-cada-dilluns-un-nou-conte-3\/\" title=\"Read Com cada dilluns, un nou conte!\">Llegeix m\u00e9s\u00bb<\/a><\/p>\n","protected":false},"author":1,"featured_media":2880,"comment_status":"open","ping_status":"closed","sticky":false,"template":"","format":"standard","meta":{"_bbp_topic_count":0,"_bbp_reply_count":0,"_bbp_total_topic_count":0,"_bbp_total_reply_count":0,"_bbp_voice_count":0,"_bbp_anonymous_reply_count":0,"_bbp_topic_count_hidden":0,"_bbp_reply_count_hidden":0,"_bbp_forum_subforum_count":0,"footnotes":""},"categories":[1,2,4,5],"tags":[76],"class_list":["post-2879","post","type-post","status-publish","format-standard","has-post-thumbnail","hentry","category-general","category-infantil","category-portada","category-primaria","tag-biblioteca"],"post_mailing_queue_ids":[],"_links":{"self":[{"href":"https:\/\/agora.xtec.cat\/ceip-dolorsalmeda-cornella\/wp-json\/wp\/v2\/posts\/2879","targetHints":{"allow":["GET"]}}],"collection":[{"href":"https:\/\/agora.xtec.cat\/ceip-dolorsalmeda-cornella\/wp-json\/wp\/v2\/posts"}],"about":[{"href":"https:\/\/agora.xtec.cat\/ceip-dolorsalmeda-cornella\/wp-json\/wp\/v2\/types\/post"}],"author":[{"embeddable":true,"href":"https:\/\/agora.xtec.cat\/ceip-dolorsalmeda-cornella\/wp-json\/wp\/v2\/users\/1"}],"replies":[{"embeddable":true,"href":"https:\/\/agora.xtec.cat\/ceip-dolorsalmeda-cornella\/wp-json\/wp\/v2\/comments?post=2879"}],"version-history":[{"count":2,"href":"https:\/\/agora.xtec.cat\/ceip-dolorsalmeda-cornella\/wp-json\/wp\/v2\/posts\/2879\/revisions"}],"predecessor-version":[{"id":2882,"href":"https:\/\/agora.xtec.cat\/ceip-dolorsalmeda-cornella\/wp-json\/wp\/v2\/posts\/2879\/revisions\/2882"}],"wp:featuredmedia":[{"embeddable":true,"href":"https:\/\/agora.xtec.cat\/ceip-dolorsalmeda-cornella\/wp-json\/wp\/v2\/media\/2880"}],"wp:attachment":[{"href":"https:\/\/agora.xtec.cat\/ceip-dolorsalmeda-cornella\/wp-json\/wp\/v2\/media?parent=2879"}],"wp:term":[{"taxonomy":"category","embeddable":true,"href":"https:\/\/agora.xtec.cat\/ceip-dolorsalmeda-cornella\/wp-json\/wp\/v2\/categories?post=2879"},{"taxonomy":"post_tag","embeddable":true,"href":"https:\/\/agora.xtec.cat\/ceip-dolorsalmeda-cornella\/wp-json\/wp\/v2\/tags?post=2879"}],"curies":[{"name":"wp","href":"https:\/\/api.w.org\/{rel}","templated":true}]}}