{"id":2768,"date":"2020-05-04T12:07:35","date_gmt":"2020-05-04T10:07:35","guid":{"rendered":"https:\/\/agora.xtec.cat\/ceip-dolorsalmeda-cornella\/?p=2768"},"modified":"2020-05-04T12:07:35","modified_gmt":"2020-05-04T10:07:35","slug":"com-cada-dilluns-un-nou-conte-2","status":"publish","type":"post","link":"https:\/\/agora.xtec.cat\/ceip-dolorsalmeda-cornella\/general\/com-cada-dilluns-un-nou-conte-2\/","title":{"rendered":"Com cada dilluns, un nou conte!"},"content":{"rendered":"<p>&nbsp;<\/p>\n<p><a href=\"https:\/\/agora.xtec.cat\/ceip-dolorsalmeda-cornella\/wp-content\/uploads\/usu30\/2020\/05\/iStock-92309939.jpg\"><img loading=\"lazy\" decoding=\"async\" class=\"wp-image-2769 aligncenter\" src=\"https:\/\/agora.xtec.cat\/ceip-dolorsalmeda-cornella\/wp-content\/uploads\/usu30\/2020\/05\/iStock-92309939.jpg\" alt=\"\" width=\"353\" height=\"269\" srcset=\"https:\/\/agora.xtec.cat\/ceip-dolorsalmeda-cornella\/wp-content\/uploads\/usu30\/2020\/05\/iStock-92309939.jpg 676w, https:\/\/agora.xtec.cat\/ceip-dolorsalmeda-cornella\/wp-content\/uploads\/usu30\/2020\/05\/iStock-92309939-300x229.jpg 300w\" sizes=\"auto, (max-width: 353px) 100vw, 353px\" \/><\/a><\/p>\n<p>&nbsp;<\/p>\n<p>Una llegenda \u00e9s un tipus de narraci\u00f3 diferent a la rondalla o al conte d\u2019autor que mescla fets o elements reals amb d&#8217; altres imaginaris. Normalment, una llegenda est\u00e0 relacionada amb un lloc, un personatge o un fet hist\u00f2ric. A Catalunya en tenim un bon grapat, algunes de molt conegudes com la de Sant Jordi.<\/p>\n<p>Avui el Jaume Centelles ens explica una llegenda de l\u2019\u00c0frica, concretament de la zona que hi ha entre <strong>Z\u00e0mbia<\/strong>\u00a0i\u00a0<strong>Zimbabwe<\/strong>. Ens conta que all\u00e0 viuen els \u201ctonga\u201d, una tribu que t\u00e9 un deu que es diu <strong>Nyaminyami. <\/strong>Qu\u00e8 interessant! Esperem que gaudiu d\u2019aquesta llegenda africana!<\/p>\n<p><a href=\"https:\/\/youtu.be\/3eBg_P8154k\">https:\/\/youtu.be\/3eBg_P8154k<\/a><\/p>\n<p>La proposta did\u00e0ctica consisiteix en jugar amb ritmes a partir d\u2019una de les can\u00e7ons que heu sentit al v\u00eddeo anterior (Ka baga ne ma), una can\u00e7\u00f3 tradicional de Mali.<\/p>\n<p>Us poseu en cercle (dempeus o asseguts). Un de vosaltres fa de director d\u2019orquestra i va seguint el ritme amb gestos que els dem\u00e9s han d\u2019imitar. Es tracta de colpejar r\u00edtmicament diferents parts del cos (cuixes, panxa, espatlles, cap, etc.) amb la palma o amb el dors de les mans. Qui s\u2019equivoqui, queda eliminat.<\/p>\n<p><a href=\"https:\/\/youtu.be\/7r4xmnbd1jk?list=RD7r4xmnbd1jk\">https:\/\/youtu.be\/7r4xmnbd1jk?list=RD7r4xmnbd1jk<\/a><\/p>\n<p>Som-hi!<\/p>\n","protected":false},"excerpt":{"rendered":"<p>&nbsp;<br \/>\n<a href=\"https:\/\/agora.xtec.cat\/ceip-dolorsalmeda-cornella\/wp-content\/uploads\/usu30\/2020\/05\/iStock-92309939.jpg\"><\/a><br \/>\n&nbsp;<br \/>\nUna llegenda \u00e9s un tipus de narraci\u00f3 diferent a la rondalla o al conte d\u2019autor que mescla fets o elements reals amb d&#8217; altres imaginaris. Normalment, una llegenda est\u00e0 relacionada amb un lloc, un personatge o un fet hist\u00f2ric. A Catalunya en tenim un&hellip;  <a href=\"https:\/\/agora.xtec.cat\/ceip-dolorsalmeda-cornella\/general\/com-cada-dilluns-un-nou-conte-2\/\" title=\"Read Com cada dilluns, un nou conte!\">Llegeix m\u00e9s\u00bb<\/a><\/p>\n","protected":false},"author":1,"featured_media":2769,"comment_status":"open","ping_status":"closed","sticky":false,"template":"","format":"standard","meta":{"_bbp_topic_count":0,"_bbp_reply_count":0,"_bbp_total_topic_count":0,"_bbp_total_reply_count":0,"_bbp_voice_count":0,"_bbp_anonymous_reply_count":0,"_bbp_topic_count_hidden":0,"_bbp_reply_count_hidden":0,"_bbp_forum_subforum_count":0,"footnotes":""},"categories":[1,2,4,5],"tags":[76],"class_list":["post-2768","post","type-post","status-publish","format-standard","has-post-thumbnail","hentry","category-general","category-infantil","category-portada","category-primaria","tag-biblioteca"],"post_mailing_queue_ids":[],"_links":{"self":[{"href":"https:\/\/agora.xtec.cat\/ceip-dolorsalmeda-cornella\/wp-json\/wp\/v2\/posts\/2768","targetHints":{"allow":["GET"]}}],"collection":[{"href":"https:\/\/agora.xtec.cat\/ceip-dolorsalmeda-cornella\/wp-json\/wp\/v2\/posts"}],"about":[{"href":"https:\/\/agora.xtec.cat\/ceip-dolorsalmeda-cornella\/wp-json\/wp\/v2\/types\/post"}],"author":[{"embeddable":true,"href":"https:\/\/agora.xtec.cat\/ceip-dolorsalmeda-cornella\/wp-json\/wp\/v2\/users\/1"}],"replies":[{"embeddable":true,"href":"https:\/\/agora.xtec.cat\/ceip-dolorsalmeda-cornella\/wp-json\/wp\/v2\/comments?post=2768"}],"version-history":[{"count":2,"href":"https:\/\/agora.xtec.cat\/ceip-dolorsalmeda-cornella\/wp-json\/wp\/v2\/posts\/2768\/revisions"}],"predecessor-version":[{"id":2771,"href":"https:\/\/agora.xtec.cat\/ceip-dolorsalmeda-cornella\/wp-json\/wp\/v2\/posts\/2768\/revisions\/2771"}],"wp:featuredmedia":[{"embeddable":true,"href":"https:\/\/agora.xtec.cat\/ceip-dolorsalmeda-cornella\/wp-json\/wp\/v2\/media\/2769"}],"wp:attachment":[{"href":"https:\/\/agora.xtec.cat\/ceip-dolorsalmeda-cornella\/wp-json\/wp\/v2\/media?parent=2768"}],"wp:term":[{"taxonomy":"category","embeddable":true,"href":"https:\/\/agora.xtec.cat\/ceip-dolorsalmeda-cornella\/wp-json\/wp\/v2\/categories?post=2768"},{"taxonomy":"post_tag","embeddable":true,"href":"https:\/\/agora.xtec.cat\/ceip-dolorsalmeda-cornella\/wp-json\/wp\/v2\/tags?post=2768"}],"curies":[{"name":"wp","href":"https:\/\/api.w.org\/{rel}","templated":true}]}}