{"id":2757,"date":"2020-04-27T14:31:47","date_gmt":"2020-04-27T12:31:47","guid":{"rendered":"https:\/\/agora.xtec.cat\/ceip-dolorsalmeda-cornella\/?p=2757"},"modified":"2020-04-27T14:31:47","modified_gmt":"2020-04-27T12:31:47","slug":"cartes-amb-cor-gracies-per-participar-hi","status":"publish","type":"post","link":"https:\/\/agora.xtec.cat\/ceip-dolorsalmeda-cornella\/general\/cartes-amb-cor-gracies-per-participar-hi\/","title":{"rendered":"Cartes amb cor! Gr\u00e0cies per participar-hi!"},"content":{"rendered":"<p>Aqu\u00ed us deixem un recull de tots els missatges, v\u00eddeos i dibuixos de suport que ens heu fet arribar <span style=\"font-family: inherit; font-size: 1em;\">per totes les persones malaltes, familiars i personal sanitari. Ho enviarem a tots els hospitals adherits a la proposta. <\/span><\/p>\n<p><span style=\"font-family: inherit; font-size: 1em;\">Moltes gr\u00e0cies a tots i a totes per participar-hi. Segur que us ho agrairan molt\u00edssim!\u00a0<\/span><\/p>\n<p><a href=\"https:\/\/photos.app.goo.gl\/6L99av3KdqJm99Ck6\">FOTOS\u00a0<\/a><\/p>\n","protected":false},"excerpt":{"rendered":"<p>Aqu\u00ed us deixem un recull de tots els missatges, v\u00eddeos i dibuixos de suport que ens heu fet arribar per totes les persones malaltes, familiars i personal sanitari. Ho enviarem a tots els hospitals adherits a la proposta.<br \/>\nMoltes gr\u00e0cies a tots i a totes&hellip;  <a href=\"https:\/\/agora.xtec.cat\/ceip-dolorsalmeda-cornella\/general\/cartes-amb-cor-gracies-per-participar-hi\/\" title=\"Read Cartes amb cor! Gr\u00e0cies per participar-hi!\">Llegeix m\u00e9s\u00bb<\/a><\/p>\n","protected":false},"author":6,"featured_media":2712,"comment_status":"open","ping_status":"closed","sticky":false,"template":"","format":"standard","meta":{"_bbp_topic_count":0,"_bbp_reply_count":0,"_bbp_total_topic_count":0,"_bbp_total_reply_count":0,"_bbp_voice_count":0,"_bbp_anonymous_reply_count":0,"_bbp_topic_count_hidden":0,"_bbp_reply_count_hidden":0,"_bbp_forum_subforum_count":0,"footnotes":""},"categories":[1,2,4,5],"tags":[225],"class_list":["post-2757","post","type-post","status-publish","format-standard","has-post-thumbnail","hentry","category-general","category-infantil","category-portada","category-primaria","tag-cartes-amb-cor"],"post_mailing_queue_ids":[],"_links":{"self":[{"href":"https:\/\/agora.xtec.cat\/ceip-dolorsalmeda-cornella\/wp-json\/wp\/v2\/posts\/2757","targetHints":{"allow":["GET"]}}],"collection":[{"href":"https:\/\/agora.xtec.cat\/ceip-dolorsalmeda-cornella\/wp-json\/wp\/v2\/posts"}],"about":[{"href":"https:\/\/agora.xtec.cat\/ceip-dolorsalmeda-cornella\/wp-json\/wp\/v2\/types\/post"}],"author":[{"embeddable":true,"href":"https:\/\/agora.xtec.cat\/ceip-dolorsalmeda-cornella\/wp-json\/wp\/v2\/users\/6"}],"replies":[{"embeddable":true,"href":"https:\/\/agora.xtec.cat\/ceip-dolorsalmeda-cornella\/wp-json\/wp\/v2\/comments?post=2757"}],"version-history":[{"count":2,"href":"https:\/\/agora.xtec.cat\/ceip-dolorsalmeda-cornella\/wp-json\/wp\/v2\/posts\/2757\/revisions"}],"predecessor-version":[{"id":2767,"href":"https:\/\/agora.xtec.cat\/ceip-dolorsalmeda-cornella\/wp-json\/wp\/v2\/posts\/2757\/revisions\/2767"}],"wp:featuredmedia":[{"embeddable":true,"href":"https:\/\/agora.xtec.cat\/ceip-dolorsalmeda-cornella\/wp-json\/wp\/v2\/media\/2712"}],"wp:attachment":[{"href":"https:\/\/agora.xtec.cat\/ceip-dolorsalmeda-cornella\/wp-json\/wp\/v2\/media?parent=2757"}],"wp:term":[{"taxonomy":"category","embeddable":true,"href":"https:\/\/agora.xtec.cat\/ceip-dolorsalmeda-cornella\/wp-json\/wp\/v2\/categories?post=2757"},{"taxonomy":"post_tag","embeddable":true,"href":"https:\/\/agora.xtec.cat\/ceip-dolorsalmeda-cornella\/wp-json\/wp\/v2\/tags?post=2757"}],"curies":[{"name":"wp","href":"https:\/\/api.w.org\/{rel}","templated":true}]}}