{"id":2744,"date":"2020-04-22T17:57:58","date_gmt":"2020-04-22T15:57:58","guid":{"rendered":"https:\/\/agora.xtec.cat\/ceip-dolorsalmeda-cornella\/?p=2744"},"modified":"2020-04-22T17:57:58","modified_gmt":"2020-04-22T15:57:58","slug":"la-llegenda-de-sant-jordi-2","status":"publish","type":"post","link":"https:\/\/agora.xtec.cat\/ceip-dolorsalmeda-cornella\/general\/la-llegenda-de-sant-jordi-2\/","title":{"rendered":"La llegenda de Sant Jordi!"},"content":{"rendered":"<p>&nbsp;<\/p>\n<p><a href=\"https:\/\/agora.xtec.cat\/ceip-dolorsalmeda-cornella\/wp-content\/uploads\/usu30\/2020\/04\/lallegendadesantjordi-140422142800-phpapp02-thumbnail-4.jpg\"><img loading=\"lazy\" decoding=\"async\" class=\"wp-image-2745 aligncenter\" src=\"https:\/\/agora.xtec.cat\/ceip-dolorsalmeda-cornella\/wp-content\/uploads\/usu30\/2020\/04\/lallegendadesantjordi-140422142800-phpapp02-thumbnail-4.jpg\" alt=\"\" width=\"385\" height=\"289\" srcset=\"https:\/\/agora.xtec.cat\/ceip-dolorsalmeda-cornella\/wp-content\/uploads\/usu30\/2020\/04\/lallegendadesantjordi-140422142800-phpapp02-thumbnail-4.jpg 768w, https:\/\/agora.xtec.cat\/ceip-dolorsalmeda-cornella\/wp-content\/uploads\/usu30\/2020\/04\/lallegendadesantjordi-140422142800-phpapp02-thumbnail-4-300x225.jpg 300w, https:\/\/agora.xtec.cat\/ceip-dolorsalmeda-cornella\/wp-content\/uploads\/usu30\/2020\/04\/lallegendadesantjordi-140422142800-phpapp02-thumbnail-4-200x150.jpg 200w\" sizes=\"auto, (max-width: 385px) 100vw, 385px\" \/><\/a><\/p>\n<p>Benvolgudes fam\u00edlies,<\/p>\n<p>des del Departament d\u2019Educaci\u00f3 de Cornell\u00e0 i la participaci\u00f3 de mestres de totes les escoles d\u2019Infantil i Prim\u00e0ria de la ciutat s\u2019ha creat un v\u00eddeo que ens conta la llegenda de Sant Jordi. Us adjuntem l\u2019enlla\u00e7 per a que pugueu visualitzar-lo.<\/p>\n<p>Us animem a veure\u2019l, ha quedat molt maco! Esperem que us agradi!<\/p>\n<p><a href=\"https:\/\/cloud.cornella.cat\/owncloud\/index.php\/s\/xHxJGSjFOpXoi1y\">https:\/\/cloud.cornella.cat\/owncloud\/index.php\/s\/xHxJGSjFOpXoi1y<\/a><\/p>\n","protected":false},"excerpt":{"rendered":"<p>&nbsp;<br \/>\n<a href=\"https:\/\/agora.xtec.cat\/ceip-dolorsalmeda-cornella\/wp-content\/uploads\/usu30\/2020\/04\/lallegendadesantjordi-140422142800-phpapp02-thumbnail-4.jpg\"><\/a><br \/>\nBenvolgudes fam\u00edlies,<br \/>\ndes del Departament d\u2019Educaci\u00f3 de Cornell\u00e0 i la participaci\u00f3 de mestres de totes les escoles d\u2019Infantil i Prim\u00e0ria de la ciutat s\u2019ha creat un v\u00eddeo que ens conta la llegenda de Sant Jordi. Us adjuntem l\u2019enlla\u00e7 per a que pugueu visualitzar-lo.<br \/>\nUs animem a&hellip;  <a href=\"https:\/\/agora.xtec.cat\/ceip-dolorsalmeda-cornella\/general\/la-llegenda-de-sant-jordi-2\/\" title=\"Read La llegenda de Sant Jordi!\">Llegeix m\u00e9s\u00bb<\/a><\/p>\n","protected":false},"author":1,"featured_media":2745,"comment_status":"open","ping_status":"closed","sticky":false,"template":"","format":"standard","meta":{"_bbp_topic_count":0,"_bbp_reply_count":0,"_bbp_total_topic_count":0,"_bbp_total_reply_count":0,"_bbp_voice_count":0,"_bbp_anonymous_reply_count":0,"_bbp_topic_count_hidden":0,"_bbp_reply_count_hidden":0,"_bbp_forum_subforum_count":0,"footnotes":""},"categories":[1,2,4,5],"tags":[76,132,63],"class_list":["post-2744","post","type-post","status-publish","format-standard","has-post-thumbnail","hentry","category-general","category-infantil","category-portada","category-primaria","tag-biblioteca","tag-llegenda","tag-sant-jordi"],"post_mailing_queue_ids":[],"_links":{"self":[{"href":"https:\/\/agora.xtec.cat\/ceip-dolorsalmeda-cornella\/wp-json\/wp\/v2\/posts\/2744","targetHints":{"allow":["GET"]}}],"collection":[{"href":"https:\/\/agora.xtec.cat\/ceip-dolorsalmeda-cornella\/wp-json\/wp\/v2\/posts"}],"about":[{"href":"https:\/\/agora.xtec.cat\/ceip-dolorsalmeda-cornella\/wp-json\/wp\/v2\/types\/post"}],"author":[{"embeddable":true,"href":"https:\/\/agora.xtec.cat\/ceip-dolorsalmeda-cornella\/wp-json\/wp\/v2\/users\/1"}],"replies":[{"embeddable":true,"href":"https:\/\/agora.xtec.cat\/ceip-dolorsalmeda-cornella\/wp-json\/wp\/v2\/comments?post=2744"}],"version-history":[{"count":1,"href":"https:\/\/agora.xtec.cat\/ceip-dolorsalmeda-cornella\/wp-json\/wp\/v2\/posts\/2744\/revisions"}],"predecessor-version":[{"id":2746,"href":"https:\/\/agora.xtec.cat\/ceip-dolorsalmeda-cornella\/wp-json\/wp\/v2\/posts\/2744\/revisions\/2746"}],"wp:featuredmedia":[{"embeddable":true,"href":"https:\/\/agora.xtec.cat\/ceip-dolorsalmeda-cornella\/wp-json\/wp\/v2\/media\/2745"}],"wp:attachment":[{"href":"https:\/\/agora.xtec.cat\/ceip-dolorsalmeda-cornella\/wp-json\/wp\/v2\/media?parent=2744"}],"wp:term":[{"taxonomy":"category","embeddable":true,"href":"https:\/\/agora.xtec.cat\/ceip-dolorsalmeda-cornella\/wp-json\/wp\/v2\/categories?post=2744"},{"taxonomy":"post_tag","embeddable":true,"href":"https:\/\/agora.xtec.cat\/ceip-dolorsalmeda-cornella\/wp-json\/wp\/v2\/tags?post=2744"}],"curies":[{"name":"wp","href":"https:\/\/api.w.org\/{rel}","templated":true}]}}