{"id":2688,"date":"2020-04-06T12:43:16","date_gmt":"2020-04-06T10:43:16","guid":{"rendered":"https:\/\/agora.xtec.cat\/ceip-dolorsalmeda-cornella\/?p=2688"},"modified":"2020-04-06T13:06:55","modified_gmt":"2020-04-06T11:06:55","slug":"avui-ens-toca-conte","status":"publish","type":"post","link":"https:\/\/agora.xtec.cat\/ceip-dolorsalmeda-cornella\/general\/avui-ens-toca-conte\/","title":{"rendered":"Avui ens toca conte!"},"content":{"rendered":"<p><a href=\"https:\/\/agora.xtec.cat\/ceip-dolorsalmeda-cornella\/wp-content\/uploads\/usu30\/2020\/04\/40769-leyendas-africanas-para-ninos-e1586169642535.jpg\"><img loading=\"lazy\" decoding=\"async\" class=\"wp-image-2689 aligncenter\" src=\"https:\/\/agora.xtec.cat\/ceip-dolorsalmeda-cornella\/wp-content\/uploads\/usu30\/2020\/04\/40769-leyendas-africanas-para-ninos-e1586169642535.jpg\" alt=\"\" width=\"330\" height=\"309\" srcset=\"https:\/\/agora.xtec.cat\/ceip-dolorsalmeda-cornella\/wp-content\/uploads\/usu30\/2020\/04\/40769-leyendas-africanas-para-ninos-e1586169642535.jpg 1000w, https:\/\/agora.xtec.cat\/ceip-dolorsalmeda-cornella\/wp-content\/uploads\/usu30\/2020\/04\/40769-leyendas-africanas-para-ninos-e1586169642535-300x281.jpg 300w, https:\/\/agora.xtec.cat\/ceip-dolorsalmeda-cornella\/wp-content\/uploads\/usu30\/2020\/04\/40769-leyendas-africanas-para-ninos-e1586169642535-768x720.jpg 768w\" sizes=\"auto, (max-width: 330px) 100vw, 330px\" \/><\/a><\/p>\n<p style=\"font-weight: 400\">Ja hi som a dilluns i ens toca conte!!!<\/p>\n<p style=\"font-weight: 400\">Avui toca \u201cEl oro de la liebre\u201d, un conte escrit pel Mart\u00edn Baltscheit i il\u00b7lustrat per la Christine Schwartz. \u00c9s una historia impactant que ens explica com una llebre a punt de morir deixa en testament un bagul ple d\u2019or per a qui demostri que \u00e9s el m\u00e9s poruc, despertant la cobd\u00edcia entre els animals del bosc.<\/p>\n<p style=\"font-weight: 400\">Unes il\u00b7lustracions molt expressives, sobretot en el tractament dels ulls que s\u00f3n el r\u00e9flex del cor. El missatge \u00e9s profund i ens ofereix l\u2019oportunitat de reflexionar sobre q\u00fcestions com els diners, la prosperitat o la soledat.<\/p>\n<p style=\"font-weight: 400\"><a href=\"https:\/\/youtu.be\/GTZppVqua9E\" data-saferedirecturl=\"https:\/\/www.google.com\/url?q=https:\/\/youtu.be\/GTZppVqua9E&amp;source=gmail&amp;ust=1586253080901000&amp;usg=AFQjCNGaV3WJ2Wb9AIoZxd0-6lU8r_H0aA\">https:\/\/youtu.be\/GTZppVqua9E<\/a><\/p>\n<p style=\"font-weight: 400\"><strong>Proposta did\u00e1ctica:<\/strong> \u201cEl Hedbanz de les pors\u201d.<\/p>\n<p style=\"font-weight: 400\">El hedbanz t\u00e9 com a objectiu endevinar una imatge, normalment situada al front del jugador que pregunta als altres jugadors.<\/p>\n<p style=\"font-weight: 400\">\u00c9s un joc divertit que permet desenvolupar la l\u00f3gica, el raonament, el llenguatge oral i la memoria. Les normes s\u2019aprenen r\u00e0pidament. El que si que haureu de fer es preparar les cartes. A cadascuna es dibuixa una por (dentista, gos, llamps, fanstasma, foscor, ratolins, avions, sorolls, mostres, serps, aranyes, globus, pallasos, etc.) o tamb\u00e9 es pot escriure nom\u00e9s el nom.<\/p>\n<p style=\"font-weight: 400\">Les cartes es posen en mig del grup.<\/p>\n<p style=\"font-weight: 400\">Cada jugador disposa d\u2019una cinta al mig del cap. El primer jugador agafa una carta, sense veure-la, i la col\u00b7loca entre la cinta i el seu front, encarada als altres, de manera que tots, excepte ell, vegin la imatge. A continuaci\u00f3n, formula preguntes als companys amb la intenci\u00f3 d\u2019endevinar quin tipus de por \u00e9s la que t\u00e9 al seu front. Les preguntes es contesten amb \u201csi\u201d, \u201cno\u201d, \u201cpotser\u201d o \u201cno ho sabem\u201d.<\/p>\n<p style=\"font-weight: 400\"><span style=\"font-weight: 400\">Apa fins dilluns que ve, que ser\u00e0 Dilluns de Pasqua!!!<\/span><\/p>\n<p style=\"font-weight: 400\">\n","protected":false},"excerpt":{"rendered":"<p><a href=\"https:\/\/agora.xtec.cat\/ceip-dolorsalmeda-cornella\/wp-content\/uploads\/usu30\/2020\/04\/40769-leyendas-africanas-para-ninos-e1586169642535.jpg\"><\/a><br \/>\nJa hi som a dilluns i ens toca conte!!!<br \/>\nAvui toca \u201cEl oro de la liebre\u201d, un conte escrit pel Mart\u00edn Baltscheit i il\u00b7lustrat per la Christine Schwartz. \u00c9s una historia impactant que ens explica com una llebre a punt de morir deixa en testament&hellip;  <a href=\"https:\/\/agora.xtec.cat\/ceip-dolorsalmeda-cornella\/general\/avui-ens-toca-conte\/\" title=\"Read Avui ens toca conte!\">Llegeix m\u00e9s\u00bb<\/a><\/p>\n","protected":false},"author":1,"featured_media":2689,"comment_status":"open","ping_status":"closed","sticky":false,"template":"","format":"standard","meta":{"_bbp_topic_count":0,"_bbp_reply_count":0,"_bbp_total_topic_count":0,"_bbp_total_reply_count":0,"_bbp_voice_count":0,"_bbp_anonymous_reply_count":0,"_bbp_topic_count_hidden":0,"_bbp_reply_count_hidden":0,"_bbp_forum_subforum_count":0,"footnotes":""},"categories":[1,2,4,5],"tags":[76],"class_list":["post-2688","post","type-post","status-publish","format-standard","has-post-thumbnail","hentry","category-general","category-infantil","category-portada","category-primaria","tag-biblioteca"],"post_mailing_queue_ids":[],"_links":{"self":[{"href":"https:\/\/agora.xtec.cat\/ceip-dolorsalmeda-cornella\/wp-json\/wp\/v2\/posts\/2688","targetHints":{"allow":["GET"]}}],"collection":[{"href":"https:\/\/agora.xtec.cat\/ceip-dolorsalmeda-cornella\/wp-json\/wp\/v2\/posts"}],"about":[{"href":"https:\/\/agora.xtec.cat\/ceip-dolorsalmeda-cornella\/wp-json\/wp\/v2\/types\/post"}],"author":[{"embeddable":true,"href":"https:\/\/agora.xtec.cat\/ceip-dolorsalmeda-cornella\/wp-json\/wp\/v2\/users\/1"}],"replies":[{"embeddable":true,"href":"https:\/\/agora.xtec.cat\/ceip-dolorsalmeda-cornella\/wp-json\/wp\/v2\/comments?post=2688"}],"version-history":[{"count":2,"href":"https:\/\/agora.xtec.cat\/ceip-dolorsalmeda-cornella\/wp-json\/wp\/v2\/posts\/2688\/revisions"}],"predecessor-version":[{"id":2693,"href":"https:\/\/agora.xtec.cat\/ceip-dolorsalmeda-cornella\/wp-json\/wp\/v2\/posts\/2688\/revisions\/2693"}],"wp:featuredmedia":[{"embeddable":true,"href":"https:\/\/agora.xtec.cat\/ceip-dolorsalmeda-cornella\/wp-json\/wp\/v2\/media\/2689"}],"wp:attachment":[{"href":"https:\/\/agora.xtec.cat\/ceip-dolorsalmeda-cornella\/wp-json\/wp\/v2\/media?parent=2688"}],"wp:term":[{"taxonomy":"category","embeddable":true,"href":"https:\/\/agora.xtec.cat\/ceip-dolorsalmeda-cornella\/wp-json\/wp\/v2\/categories?post=2688"},{"taxonomy":"post_tag","embeddable":true,"href":"https:\/\/agora.xtec.cat\/ceip-dolorsalmeda-cornella\/wp-json\/wp\/v2\/tags?post=2688"}],"curies":[{"name":"wp","href":"https:\/\/api.w.org\/{rel}","templated":true}]}}