{"id":2673,"date":"2020-04-04T14:25:59","date_gmt":"2020-04-04T12:25:59","guid":{"rendered":"https:\/\/agora.xtec.cat\/ceip-dolorsalmeda-cornella\/?p=2673"},"modified":"2020-04-04T14:25:59","modified_gmt":"2020-04-04T12:25:59","slug":"reunions-virtuals-amb-mestres-i-alumns-de-lescola","status":"publish","type":"post","link":"https:\/\/agora.xtec.cat\/ceip-dolorsalmeda-cornella\/general\/reunions-virtuals-amb-mestres-i-alumns-de-lescola\/","title":{"rendered":"Reunions virtuals amb mestres i alumn@s de l&#8217;escola."},"content":{"rendered":"<p>Ja s\u00f3n molts dies a casa sense sortir al carrer i sense trobar-nos amb els companys i companyes de l&#8217;escola, aix\u00ed que per qu\u00e8 no fer reunions virtuals i continuar trobant-nos els uns amb els altres encara que sigui a trav\u00e9s d&#8217;una pantalla!<\/p>\n<p>Fins ara hem fet algunes trobades cibern\u00e8tiques molt divertides i alhora emotives que tots necessit\u00e0vem per sentir-nos a prop i donar-nos \u00e0nims per portar millor aquesta situaci\u00f3 tan diferent que ens ha tocat viure. Als que no hem pogut veure, els hem trucat per tel\u00e8fon i farem tot el que estigui al nostre abast perqu\u00e8 a les seg\u00fcents trobades s&#8217;uneixin.<\/p>\n<p>Aqu\u00ed us deixem algunes de les fotos de les videoconfer\u00e8ncies que hem fet fins el moment. Anirem afegint les seg\u00fcents a mida que les anem fent.<\/p>\n<p><a href=\"https:\/\/photos.app.goo.gl\/tkboaqxnpPeSzTmU9\">FOTOS<\/a><\/p>\n","protected":false},"excerpt":{"rendered":"<p>Ja s\u00f3n molts dies a casa sense sortir al carrer i sense trobar-nos amb els companys i companyes de l&#8217;escola, aix\u00ed que per qu\u00e8 no fer reunions virtuals i continuar trobant-nos els uns amb els altres encara que sigui a trav\u00e9s d&#8217;una pantalla!<br \/>\nFins ara hem&hellip;  <a href=\"https:\/\/agora.xtec.cat\/ceip-dolorsalmeda-cornella\/general\/reunions-virtuals-amb-mestres-i-alumns-de-lescola\/\" title=\"Read Reunions virtuals amb mestres i alumn@s de l&#8217;escola.\">Llegeix m\u00e9s\u00bb<\/a><\/p>\n","protected":false},"author":6,"featured_media":2674,"comment_status":"open","ping_status":"closed","sticky":false,"template":"","format":"standard","meta":{"_bbp_topic_count":0,"_bbp_reply_count":0,"_bbp_total_topic_count":0,"_bbp_total_reply_count":0,"_bbp_voice_count":0,"_bbp_anonymous_reply_count":0,"_bbp_topic_count_hidden":0,"_bbp_reply_count_hidden":0,"_bbp_forum_subforum_count":0,"footnotes":""},"categories":[10,11,12,13,14,15,1,3,8,9,2,4,5],"tags":[85],"class_list":["post-2673","post","type-post","status-publish","format-standard","has-post-thumbnail","hentry","category-1r","category-2n","category-3r","category-4t","category-5e","category-6e","category-general","category-i3","category-i4","category-i5","category-infantil","category-portada","category-primaria","tag-informatiu"],"post_mailing_queue_ids":[],"_links":{"self":[{"href":"https:\/\/agora.xtec.cat\/ceip-dolorsalmeda-cornella\/wp-json\/wp\/v2\/posts\/2673","targetHints":{"allow":["GET"]}}],"collection":[{"href":"https:\/\/agora.xtec.cat\/ceip-dolorsalmeda-cornella\/wp-json\/wp\/v2\/posts"}],"about":[{"href":"https:\/\/agora.xtec.cat\/ceip-dolorsalmeda-cornella\/wp-json\/wp\/v2\/types\/post"}],"author":[{"embeddable":true,"href":"https:\/\/agora.xtec.cat\/ceip-dolorsalmeda-cornella\/wp-json\/wp\/v2\/users\/6"}],"replies":[{"embeddable":true,"href":"https:\/\/agora.xtec.cat\/ceip-dolorsalmeda-cornella\/wp-json\/wp\/v2\/comments?post=2673"}],"version-history":[{"count":3,"href":"https:\/\/agora.xtec.cat\/ceip-dolorsalmeda-cornella\/wp-json\/wp\/v2\/posts\/2673\/revisions"}],"predecessor-version":[{"id":2682,"href":"https:\/\/agora.xtec.cat\/ceip-dolorsalmeda-cornella\/wp-json\/wp\/v2\/posts\/2673\/revisions\/2682"}],"wp:featuredmedia":[{"embeddable":true,"href":"https:\/\/agora.xtec.cat\/ceip-dolorsalmeda-cornella\/wp-json\/wp\/v2\/media\/2674"}],"wp:attachment":[{"href":"https:\/\/agora.xtec.cat\/ceip-dolorsalmeda-cornella\/wp-json\/wp\/v2\/media?parent=2673"}],"wp:term":[{"taxonomy":"category","embeddable":true,"href":"https:\/\/agora.xtec.cat\/ceip-dolorsalmeda-cornella\/wp-json\/wp\/v2\/categories?post=2673"},{"taxonomy":"post_tag","embeddable":true,"href":"https:\/\/agora.xtec.cat\/ceip-dolorsalmeda-cornella\/wp-json\/wp\/v2\/tags?post=2673"}],"curies":[{"name":"wp","href":"https:\/\/api.w.org\/{rel}","templated":true}]}}