{"id":2594,"date":"2020-03-25T22:53:55","date_gmt":"2020-03-25T21:53:55","guid":{"rendered":"https:\/\/agora.xtec.cat\/ceip-dolorsalmeda-cornella\/?p=2594"},"modified":"2020-03-25T22:53:55","modified_gmt":"2020-03-25T21:53:55","slug":"resistirem","status":"publish","type":"post","link":"https:\/\/agora.xtec.cat\/ceip-dolorsalmeda-cornella\/general\/resistirem\/","title":{"rendered":"Resistirem!"},"content":{"rendered":"<p style=\"text-align: right;\">Ja s\u00f3n uns quants dies que portem a casa tancats vivint una situaci\u00f3 in\u00e8dita i estranya per tothom. Des de l&#8217;escola us volem continuar animant i oferint feinetes i reptes que us facin el dia a dia m\u00e9s am\u00e8 i entretingut.<\/p>\n<p>Amb les gravacions del repte de ball que ens heu enviat, us hem preparat un petit v\u00eddeo molt divertit.<\/p>\n<p>Esperem que us agradi i recordeu: Res \u00e9s per sempre i resistirem!<\/p>\n<p><a href=\"https:\/\/drive.google.com\/open?id=1dZmAOZf7X-dlmnatC2S8mD31zV-Vy7bH\">Cliqueu aqu\u00ed per veure el v\u00eddeo<\/a><\/p>\n","protected":false},"excerpt":{"rendered":"<p>Ja s\u00f3n uns quants dies que portem a casa tancats vivint una situaci\u00f3 in\u00e8dita i estranya per tothom. Des de l&#8217;escola us volem continuar animant i oferint feinetes i reptes que us facin el dia a dia m\u00e9s am\u00e8 i entretingut.<br \/>\nAmb les gravacions del repte&hellip;  <a href=\"https:\/\/agora.xtec.cat\/ceip-dolorsalmeda-cornella\/general\/resistirem\/\" title=\"Read Resistirem!\">Llegeix m\u00e9s\u00bb<\/a><\/p>\n","protected":false},"author":6,"featured_media":2602,"comment_status":"open","ping_status":"closed","sticky":false,"template":"","format":"standard","meta":{"_bbp_topic_count":0,"_bbp_reply_count":0,"_bbp_total_topic_count":0,"_bbp_total_reply_count":0,"_bbp_voice_count":0,"_bbp_anonymous_reply_count":0,"_bbp_topic_count_hidden":0,"_bbp_reply_count_hidden":0,"_bbp_forum_subforum_count":0,"footnotes":""},"categories":[10,11,12,13,14,15,1,3,8,9,2,4,5],"tags":[87],"class_list":["post-2594","post","type-post","status-publish","format-standard","has-post-thumbnail","hentry","category-1r","category-2n","category-3r","category-4t","category-5e","category-6e","category-general","category-i3","category-i4","category-i5","category-infantil","category-portada","category-primaria","tag-dance"],"post_mailing_queue_ids":[],"_links":{"self":[{"href":"https:\/\/agora.xtec.cat\/ceip-dolorsalmeda-cornella\/wp-json\/wp\/v2\/posts\/2594","targetHints":{"allow":["GET"]}}],"collection":[{"href":"https:\/\/agora.xtec.cat\/ceip-dolorsalmeda-cornella\/wp-json\/wp\/v2\/posts"}],"about":[{"href":"https:\/\/agora.xtec.cat\/ceip-dolorsalmeda-cornella\/wp-json\/wp\/v2\/types\/post"}],"author":[{"embeddable":true,"href":"https:\/\/agora.xtec.cat\/ceip-dolorsalmeda-cornella\/wp-json\/wp\/v2\/users\/6"}],"replies":[{"embeddable":true,"href":"https:\/\/agora.xtec.cat\/ceip-dolorsalmeda-cornella\/wp-json\/wp\/v2\/comments?post=2594"}],"version-history":[{"count":3,"href":"https:\/\/agora.xtec.cat\/ceip-dolorsalmeda-cornella\/wp-json\/wp\/v2\/posts\/2594\/revisions"}],"predecessor-version":[{"id":2607,"href":"https:\/\/agora.xtec.cat\/ceip-dolorsalmeda-cornella\/wp-json\/wp\/v2\/posts\/2594\/revisions\/2607"}],"wp:featuredmedia":[{"embeddable":true,"href":"https:\/\/agora.xtec.cat\/ceip-dolorsalmeda-cornella\/wp-json\/wp\/v2\/media\/2602"}],"wp:attachment":[{"href":"https:\/\/agora.xtec.cat\/ceip-dolorsalmeda-cornella\/wp-json\/wp\/v2\/media?parent=2594"}],"wp:term":[{"taxonomy":"category","embeddable":true,"href":"https:\/\/agora.xtec.cat\/ceip-dolorsalmeda-cornella\/wp-json\/wp\/v2\/categories?post=2594"},{"taxonomy":"post_tag","embeddable":true,"href":"https:\/\/agora.xtec.cat\/ceip-dolorsalmeda-cornella\/wp-json\/wp\/v2\/tags?post=2594"}],"curies":[{"name":"wp","href":"https:\/\/api.w.org\/{rel}","templated":true}]}}