{"id":2584,"date":"2020-03-24T11:20:42","date_gmt":"2020-03-24T10:20:42","guid":{"rendered":"https:\/\/agora.xtec.cat\/ceip-dolorsalmeda-cornella\/?p=2584"},"modified":"2020-03-24T11:26:44","modified_gmt":"2020-03-24T10:26:44","slug":"contes-amb-el-jaume-centelles","status":"publish","type":"post","link":"https:\/\/agora.xtec.cat\/ceip-dolorsalmeda-cornella\/general\/contes-amb-el-jaume-centelles\/","title":{"rendered":"Contes amb el Jaume Centelles"},"content":{"rendered":"<p><a href=\"https:\/\/agora.xtec.cat\/ceip-dolorsalmeda-cornella\/wp-content\/uploads\/usu30\/2020\/03\/libro-lectura-nino-nina-dibujos-animados_29190-3884.jpg\"><img loading=\"lazy\" decoding=\"async\" class=\"wp-image-2585 aligncenter\" src=\"https:\/\/agora.xtec.cat\/ceip-dolorsalmeda-cornella\/wp-content\/uploads\/usu30\/2020\/03\/libro-lectura-nino-nina-dibujos-animados_29190-3884.jpg\" alt=\"\" width=\"249\" height=\"274\" srcset=\"https:\/\/agora.xtec.cat\/ceip-dolorsalmeda-cornella\/wp-content\/uploads\/usu30\/2020\/03\/libro-lectura-nino-nina-dibujos-animados_29190-3884.jpg 626w, https:\/\/agora.xtec.cat\/ceip-dolorsalmeda-cornella\/wp-content\/uploads\/usu30\/2020\/03\/libro-lectura-nino-nina-dibujos-animados_29190-3884-272x300.jpg 272w\" sizes=\"auto, (max-width: 249px) 100vw, 249px\" \/><\/a><\/p>\n<p>Bon dia fam\u00edlies!!!<\/p>\n<p>Cada dilluns us posarem un enlla\u00e7 perqu\u00e8 el Jaume Centelles, el mestre de mestres que en sap molt de biblioteques, perqu\u00e8 se les estima molt i com ell diu \u00a0&#8220;la biblioteca \u00e9s el cor de l&#8217;escola&#8221;, us presentar\u00e0 un conte, i us \u00a0far\u00e0 una proposta\/\u00a0repte per la setmana. No us ho podeu perdre!<\/p>\n<p>Ah! i us expliquem un secret ,el Jaume amb una companya seva d&#8217;un grup de treball, on parlen molt de llibres i lectures, vindran a la nostra escola per fer una xerrada amb les vostres fam\u00edlies. De fet estava programada per l&#8217;abril i l&#8217; haurem d&#8217; endarrerir ja sabeu perqu\u00e8\u2026<\/p>\n<p>A sota us adjuntem el conte que va presentar ahir.\u00a0 Aquest primer conte va d&#8217;un llibre de l&#8217;Anthony Browne &#8220;Me gustan los libros&#8221; i el Jaume us l&#8217;explica a ritme lent de hip hop. A m\u00e9s a m\u00e9s us proposa que vosaltres feu el mateix amb un altre ritme i un altre llibre.<\/p>\n<p><a href=\"https:\/\/youtu.be\/vjACs75ULa0\">https:\/\/youtu.be\/vjACs75ULa0<\/a><\/p>\n<p>Apa! A gaudir amb la hist\u00f2ria!<\/p>\n","protected":false},"excerpt":{"rendered":"<p><a href=\"https:\/\/agora.xtec.cat\/ceip-dolorsalmeda-cornella\/wp-content\/uploads\/usu30\/2020\/03\/libro-lectura-nino-nina-dibujos-animados_29190-3884.jpg\"><\/a><br \/>\nBon dia fam\u00edlies!!!<br \/>\nCada dilluns us posarem un enlla\u00e7 perqu\u00e8 el Jaume Centelles, el mestre de mestres que en sap molt de biblioteques, perqu\u00e8 se les estima molt i com ell diu \u00a0&#8220;la biblioteca \u00e9s el cor de l&#8217;escola&#8221;, us presentar\u00e0 un conte, i us&hellip;  <a href=\"https:\/\/agora.xtec.cat\/ceip-dolorsalmeda-cornella\/general\/contes-amb-el-jaume-centelles\/\" title=\"Read Contes amb el Jaume Centelles\">Llegeix m\u00e9s\u00bb<\/a><\/p>\n","protected":false},"author":1,"featured_media":2585,"comment_status":"open","ping_status":"closed","sticky":false,"template":"","format":"standard","meta":{"_bbp_topic_count":0,"_bbp_reply_count":0,"_bbp_total_topic_count":0,"_bbp_total_reply_count":0,"_bbp_voice_count":0,"_bbp_anonymous_reply_count":0,"_bbp_topic_count_hidden":0,"_bbp_reply_count_hidden":0,"_bbp_forum_subforum_count":0,"footnotes":""},"categories":[1,2,4,5],"tags":[76],"class_list":["post-2584","post","type-post","status-publish","format-standard","has-post-thumbnail","hentry","category-general","category-infantil","category-portada","category-primaria","tag-biblioteca"],"post_mailing_queue_ids":[],"_links":{"self":[{"href":"https:\/\/agora.xtec.cat\/ceip-dolorsalmeda-cornella\/wp-json\/wp\/v2\/posts\/2584","targetHints":{"allow":["GET"]}}],"collection":[{"href":"https:\/\/agora.xtec.cat\/ceip-dolorsalmeda-cornella\/wp-json\/wp\/v2\/posts"}],"about":[{"href":"https:\/\/agora.xtec.cat\/ceip-dolorsalmeda-cornella\/wp-json\/wp\/v2\/types\/post"}],"author":[{"embeddable":true,"href":"https:\/\/agora.xtec.cat\/ceip-dolorsalmeda-cornella\/wp-json\/wp\/v2\/users\/1"}],"replies":[{"embeddable":true,"href":"https:\/\/agora.xtec.cat\/ceip-dolorsalmeda-cornella\/wp-json\/wp\/v2\/comments?post=2584"}],"version-history":[{"count":4,"href":"https:\/\/agora.xtec.cat\/ceip-dolorsalmeda-cornella\/wp-json\/wp\/v2\/posts\/2584\/revisions"}],"predecessor-version":[{"id":2590,"href":"https:\/\/agora.xtec.cat\/ceip-dolorsalmeda-cornella\/wp-json\/wp\/v2\/posts\/2584\/revisions\/2590"}],"wp:featuredmedia":[{"embeddable":true,"href":"https:\/\/agora.xtec.cat\/ceip-dolorsalmeda-cornella\/wp-json\/wp\/v2\/media\/2585"}],"wp:attachment":[{"href":"https:\/\/agora.xtec.cat\/ceip-dolorsalmeda-cornella\/wp-json\/wp\/v2\/media?parent=2584"}],"wp:term":[{"taxonomy":"category","embeddable":true,"href":"https:\/\/agora.xtec.cat\/ceip-dolorsalmeda-cornella\/wp-json\/wp\/v2\/categories?post=2584"},{"taxonomy":"post_tag","embeddable":true,"href":"https:\/\/agora.xtec.cat\/ceip-dolorsalmeda-cornella\/wp-json\/wp\/v2\/tags?post=2584"}],"curies":[{"name":"wp","href":"https:\/\/api.w.org\/{rel}","templated":true}]}}