{"id":2533,"date":"2020-03-20T11:27:25","date_gmt":"2020-03-20T10:27:25","guid":{"rendered":"https:\/\/agora.xtec.cat\/ceip-dolorsalmeda-cornella\/?p=2533"},"modified":"2020-03-25T10:55:01","modified_gmt":"2020-03-25T09:55:01","slug":"repte-de-ball-thi-apuntes","status":"publish","type":"post","link":"https:\/\/agora.xtec.cat\/ceip-dolorsalmeda-cornella\/general\/repte-de-ball-thi-apuntes\/","title":{"rendered":"Repte de ball! T&#8217;hi apuntes?( Proposta tancada, gr\u00e0cies per participar-hi!)"},"content":{"rendered":"<p>Estimades i estimats artistes de l&#8217;escola Dolors Almeda. Us proposem un repte!!!!!!<\/p>\n<p>Tot i estar confinats a casa cal\u00a0 fer exercici o ballar per mantenir-nos en forma i continuar tenint cura del nostre cos. \u00c9s recomanable que cada dia dediqueu una estoneta a fer estiraments i a ballar. Segur que molts de vosaltres esteu\u00a0 practicant la\u00a0 coreografia del musical! Perfecte!! Doncs aqu\u00ed ve el repte &#8230;. Us animem a que us graveu fent una mini &#8220;coreo&#8221; d&#8217;uns 10 segons m\u00e0xim amb qualsevol m\u00fasica i ens envieu el v\u00eddeo a\u00a0 \u00a0<strong> escola@dolorsalmeda.cat . <\/strong>Us prepararem una bonica sorpresa. Teniu de temps fins el proper <strong>dimarts 24 de mar\u00e7<\/strong>.<\/p>\n<p>Som&#8217;hi! Poseu-vos les piles i sorpreneu-nos amb el vostre ritme!!!<\/p>\n<p>&nbsp;<\/p>\n","protected":false},"excerpt":{"rendered":"<p>Estimades i estimats artistes de l&#8217;escola Dolors Almeda. Us proposem un repte!!!!!!<br \/>\nTot i estar confinats a casa cal\u00a0 fer exercici o ballar per mantenir-nos en forma i continuar tenint cura del nostre cos. \u00c9s recomanable que cada dia dediqueu una estoneta a fer estiraments i&hellip;  <a href=\"https:\/\/agora.xtec.cat\/ceip-dolorsalmeda-cornella\/general\/repte-de-ball-thi-apuntes\/\" title=\"Read Repte de ball! T&#8217;hi apuntes?( Proposta tancada, gr\u00e0cies per participar-hi!)\">Llegeix m\u00e9s\u00bb<\/a><\/p>\n","protected":false},"author":6,"featured_media":2534,"comment_status":"open","ping_status":"closed","sticky":false,"template":"","format":"standard","meta":{"_bbp_topic_count":0,"_bbp_reply_count":0,"_bbp_total_topic_count":0,"_bbp_total_reply_count":0,"_bbp_voice_count":0,"_bbp_anonymous_reply_count":0,"_bbp_topic_count_hidden":0,"_bbp_reply_count_hidden":0,"_bbp_forum_subforum_count":0,"footnotes":""},"categories":[10,11,12,13,14,15,1,3,8,9,2,4,5],"tags":[150],"class_list":["post-2533","post","type-post","status-publish","format-standard","has-post-thumbnail","hentry","category-1r","category-2n","category-3r","category-4t","category-5e","category-6e","category-general","category-i3","category-i4","category-i5","category-infantil","category-portada","category-primaria","tag-dansa"],"post_mailing_queue_ids":[],"_links":{"self":[{"href":"https:\/\/agora.xtec.cat\/ceip-dolorsalmeda-cornella\/wp-json\/wp\/v2\/posts\/2533","targetHints":{"allow":["GET"]}}],"collection":[{"href":"https:\/\/agora.xtec.cat\/ceip-dolorsalmeda-cornella\/wp-json\/wp\/v2\/posts"}],"about":[{"href":"https:\/\/agora.xtec.cat\/ceip-dolorsalmeda-cornella\/wp-json\/wp\/v2\/types\/post"}],"author":[{"embeddable":true,"href":"https:\/\/agora.xtec.cat\/ceip-dolorsalmeda-cornella\/wp-json\/wp\/v2\/users\/6"}],"replies":[{"embeddable":true,"href":"https:\/\/agora.xtec.cat\/ceip-dolorsalmeda-cornella\/wp-json\/wp\/v2\/comments?post=2533"}],"version-history":[{"count":2,"href":"https:\/\/agora.xtec.cat\/ceip-dolorsalmeda-cornella\/wp-json\/wp\/v2\/posts\/2533\/revisions"}],"predecessor-version":[{"id":2593,"href":"https:\/\/agora.xtec.cat\/ceip-dolorsalmeda-cornella\/wp-json\/wp\/v2\/posts\/2533\/revisions\/2593"}],"wp:featuredmedia":[{"embeddable":true,"href":"https:\/\/agora.xtec.cat\/ceip-dolorsalmeda-cornella\/wp-json\/wp\/v2\/media\/2534"}],"wp:attachment":[{"href":"https:\/\/agora.xtec.cat\/ceip-dolorsalmeda-cornella\/wp-json\/wp\/v2\/media?parent=2533"}],"wp:term":[{"taxonomy":"category","embeddable":true,"href":"https:\/\/agora.xtec.cat\/ceip-dolorsalmeda-cornella\/wp-json\/wp\/v2\/categories?post=2533"},{"taxonomy":"post_tag","embeddable":true,"href":"https:\/\/agora.xtec.cat\/ceip-dolorsalmeda-cornella\/wp-json\/wp\/v2\/tags?post=2533"}],"curies":[{"name":"wp","href":"https:\/\/api.w.org\/{rel}","templated":true}]}}