{"id":2434,"date":"2020-03-22T11:40:43","date_gmt":"2020-03-22T10:40:43","guid":{"rendered":"https:\/\/agora.xtec.cat\/ceip-dolorsalmeda-cornella\/?p=2434"},"modified":"2020-03-26T10:48:17","modified_gmt":"2020-03-26T09:48:17","slug":"joemquedoacasa","status":"publish","type":"post","link":"https:\/\/agora.xtec.cat\/ceip-dolorsalmeda-cornella\/general\/joemquedoacasa\/","title":{"rendered":"#joemquedoacasa"},"content":{"rendered":"<p>Hola a tots i a totes!<\/p>\n<p>Esperem que estigueu b\u00e9 i passeu aquests dies a casa de la millor manera possible. Amb la situaci\u00f3 actual s&#8217;estan posant en marxa molt bones iniciatives\u00a0 per passar l&#8217;estona i omplir les hores del dia. Us deixem aqu\u00ed uns links amb algunes de les idees perqu\u00e8 us entretingueu i el temps us passi m\u00e9s r\u00e0pid. Cliqueu la imatge per accedir-hi.<\/p>\n<p>A mida que en trobem m\u00e9s cosetes les anirem afegint.<\/p>\n<p>Ens veiem aviat a l&#8217;escola!<\/p>\n<p>&nbsp;<\/p>\n<p><a href=\"htpps:\/\/arbolabc.com\"><img loading=\"lazy\" decoding=\"async\" class=\"\" src=\"https:\/\/arbolabc.nyc3.cdn.digitaloceanspaces.com\/Home_Page\/new_images\/exploradores_F.png\" alt=\"Resultat d'imatges per a &quot;arbolac&quot;\" width=\"90\" height=\"100\" \/><\/a><\/p>\n<ul style=\"list-style-type: disc;\">\n<li>Trobareu jocs educatius per fer online pels m\u00e9s petits de l&#8217;escola!<\/li>\n<\/ul>\n<p><a href=\"https:\/\/www.duolingo.com\/learn\" target=\"_blank\" rel=\"noopener noreferrer\"><img loading=\"lazy\" decoding=\"async\" class=\"alignnone\" src=\"https:\/\/d35aaqx5ub95lt.cloudfront.net\/images\/logo-with-duo.png\" alt=\"Image result for duolingo\" width=\"74\" height=\"74\" \/><\/a><\/p>\n<ul style=\"list-style-type: disc;\">\n<li>Amb duolingo pots treballar l&#8217;angl\u00e8s. Nom\u00e9s heu de baixar l&#8217;aplicaci\u00f3 al m\u00f2bil o a la tablet i registrar-vos. \u00c9s gratu\u00eft!<\/li>\n<\/ul>\n<p><a href=\"http:\/\/www.cristic.com\/\"><img loading=\"lazy\" decoding=\"async\" class=\"alignnone\" src=\"http:\/\/www.cristic.com\/wp-content\/uploads\/2015\/04\/cristic-logo.png\" alt=\"cristic\" width=\"177\" height=\"55\" \/><\/a><\/p>\n<ul style=\"list-style-type: disc;\">\n<li>En aquest enlla\u00e7 trobareu diferents assignatures adaptades als nivells.<\/li>\n<\/ul>\n<p data-wp-editing=\"1\"><a href=\"http:\/\/www.cavallfort.cat\"><img loading=\"lazy\" decoding=\"async\" class=\"\" src=\"https:\/\/www.lavanguardia.com\/r\/GODO\/LV\/p6\/SuplementoCulturas\/2019\/09\/05\/Recortada\/img_ajusticia_20190905-110058_imagenes_lv_otras_fuentes_cavall_fort_1-kFYG-U47189773369QZD-992x558@LaVanguardia-Web.jpg\" alt=\"Resultat d'imatges per a &quot;cavalll fort&quot;\" width=\"155\" height=\"87\" \/><\/a><\/p>\n<ul style=\"list-style-type: disc;\">\n<li data-wp-editing=\"1\">Aqu\u00ed podeu trobar contes de la revista Cavall fort.<\/li>\n<\/ul>\n<p data-wp-editing=\"1\"><a href=\"http:\/\/koalatext.com\/public\/index.php\/indexgrades\" data-wp-editing=\"1\"><img loading=\"lazy\" decoding=\"async\" class=\"\" src=\"http:\/\/koalatext.com\/public\/img\/v2\/werefree.png\" width=\"94\" height=\"94\" \/>Koalatext<\/a><\/p>\n<ul>\n<li>Practica el teu angl\u00e8s amb diferents exercicis de listening, reading, games&#8230;.<\/li>\n<\/ul>\n<p><a href=\"https:\/\/agora.xtec.cat\/ceip-dolorsalmeda-cornella\/wp-content\/uploads\/usu30\/2020\/03\/innovamat.png\"><img loading=\"lazy\" decoding=\"async\" class=\"alignnone wp-image-2472\" src=\"https:\/\/agora.xtec.cat\/ceip-dolorsalmeda-cornella\/wp-content\/uploads\/usu30\/2020\/03\/innovamat.png\" alt=\"\" width=\"185\" height=\"85\" srcset=\"https:\/\/agora.xtec.cat\/ceip-dolorsalmeda-cornella\/wp-content\/uploads\/usu30\/2020\/03\/innovamat.png 331w, https:\/\/agora.xtec.cat\/ceip-dolorsalmeda-cornella\/wp-content\/uploads\/usu30\/2020\/03\/innovamat-300x138.png 300w\" sizes=\"auto, (max-width: 185px) 100vw, 185px\" \/><\/a><\/p>\n<ul style=\"list-style-type: disc;\">\n<li>Recursos matem\u00e0tics per a tots els cursos\n<ul style=\"list-style-type: disc;\">\n<li><a href=\"https:\/\/innovamat.com\/blog\/ca\/recursos\/families\/\">Segona setmana de recursos<\/a><\/li>\n<\/ul>\n<\/li>\n<\/ul>\n<p><img loading=\"lazy\" decoding=\"async\" class=\"alignnone wp-image-2475\" src=\"https:\/\/agora.xtec.cat\/ceip-dolorsalmeda-cornella\/wp-content\/uploads\/usu30\/2020\/03\/bmath.png\" alt=\"\" width=\"180\" height=\"45\" \/><\/p>\n<ul style=\"list-style-type: disc;\">\n<li><a href=\"https:\/\/innovamat.com\/ca\/bmath-descarregues\/\" target=\"_blank\" rel=\"noopener noreferrer\">Link per descarregar l&#8217;aplicaci\u00f3 Bmath<\/a><\/li>\n<\/ul>\n<p><a href=\"https:\/\/natibergada.cat\/\"> <img loading=\"lazy\" decoding=\"async\" class=\"\" src=\"https:\/\/natibergada.cat\/wp-content\/uploads\/2019\/04\/logo-nati-bergada.png\" alt=\"Image result for nati bergada\" width=\"112\" height=\"56\" \/><\/a><\/p>\n<ul style=\"list-style-type: disc;\">\n<li><a href=\"https:\/\/natibergada.cat\/\">Aprendre des de casa\u00a0<\/a><\/li>\n<\/ul>\n<p><a href=\"https:\/\/estacionbambalina.com\/\" target=\"_blank\" rel=\"noopener noreferrer\"><img loading=\"lazy\" decoding=\"async\" class=\"alignnone\" src=\"https:\/\/estacionbambalina.com\/wp-content\/uploads\/estacion_bambalina_logo.png\" alt=\"\" width=\"126\" height=\"38\" \/>I<\/a><\/p>\n<ul style=\"list-style-type: disc;\">\n<li><a href=\"https:\/\/estacionbambalina.com\/\" target=\"_blank\" rel=\"noopener noreferrer\">Idees per jugar<\/a><\/li>\n<\/ul>\n<p><a href=\"https:\/\/todoindie.com\/yo-me-quedo-en-casa-festival\/\">\u00a0 <\/a><a href=\"https:\/\/todoindie.com\/yo-me-quedo-en-casa-festival\/\" target=\"_blank\" rel=\"noopener noreferrer\"><img loading=\"lazy\" decoding=\"async\" class=\"alignnone\" src=\"https:\/\/www.wakeandlisten.com\/wp-content\/uploads\/2020\/03\/yo-me-quedo-en-casa-festival--1280x720.jpg\" alt=\"Image result for yome quedo en casa festival\" width=\"115\" height=\"65\" \/><\/a><a href=\"https:\/\/todoindie.com\/yo-me-quedo-en-casa-festival\/\"> \u00a0<\/a><\/p>\n<ul style=\"list-style-type: disc;\">\n<li><a href=\"https:\/\/todoindie.com\/yo-me-quedo-en-casa-festival\/\">M\u00fasica<\/a><\/li>\n<\/ul>\n<p><a href=\"https:\/\/comunidad.movistar.es\/t5\/Blog-Movisfera\/Movistar-Lite-Movistar-abre-su-tv-a-todos-seas-del-operador-que\/ba-p\/3847229\" target=\"_blank\" rel=\"noopener noreferrer\"><img loading=\"lazy\" decoding=\"async\" class=\"alignnone\" src=\"https:\/\/comunidad.movistar.es\/html\/assets\/logo_movistar.svg\" alt=\"Movistar\" width=\"160\" height=\"38\" \/><\/a><\/p>\n<ul style=\"list-style-type: disc;\">\n<li><a href=\"https:\/\/comunidad.movistar.es\/t5\/Blog-Movisfera\/Movistar-Lite-Movistar-abre-su-tv-a-todos-seas-del-operador-que\/ba-p\/3847229\" target=\"_blank\" rel=\"noopener noreferrer\">Gratu\u00eft\u00a0<\/a><\/li>\n<\/ul>\n<p><a href=\"https:\/\/sincopyright.com\/museos-virtuales\/\">\u00a0 <\/a><a href=\"https:\/\/agora.xtec.cat\/ceip-dolorsalmeda-cornella\/wp-content\/uploads\/usu30\/2020\/03\/museos-virtuales-1.jpg\"><img loading=\"lazy\" decoding=\"async\" class=\"alignnone wp-image-2477\" src=\"https:\/\/agora.xtec.cat\/ceip-dolorsalmeda-cornella\/wp-content\/uploads\/usu30\/2020\/03\/museos-virtuales-1.jpg\" alt=\"\" width=\"135\" height=\"71\" srcset=\"https:\/\/agora.xtec.cat\/ceip-dolorsalmeda-cornella\/wp-content\/uploads\/usu30\/2020\/03\/museos-virtuales-1.jpg 756w, https:\/\/agora.xtec.cat\/ceip-dolorsalmeda-cornella\/wp-content\/uploads\/usu30\/2020\/03\/museos-virtuales-1-300x158.jpg 300w\" sizes=\"auto, (max-width: 135px) 100vw, 135px\" \/><\/a> <a href=\"https:\/\/sincopyright.com\/museos-virtuales\/\" target=\"_blank\" rel=\"noopener noreferrer\">\u00a0<\/a><\/p>\n<ul style=\"list-style-type: disc;\">\n<li><a href=\"https:\/\/sincopyright.com\/museos-virtuales\/\" target=\"_blank\" rel=\"noopener noreferrer\">Museus Virtual<\/a><\/li>\n<\/ul>\n<p><a href=\"http:\/\/www.academons.com\/\"><img loading=\"lazy\" decoding=\"async\" class=\"alignnone\" src=\"https:\/\/lh3.googleusercontent.com\/proxy\/_Nyi7BgMK8DbxgZWAphS5gj8eIAIkxMQ42k0ft2LG-g1IowdIkJ3Tau9W-9FCssaHTo8yn___Y60gdefpLBw-PsVzJQhSoj-CXZs\" alt=\"Resultat d'imatges per a &quot;academons&quot;\" width=\"104\" height=\"104\" \/><\/a><\/p>\n<ul style=\"list-style-type: disc;\">\n<li>Aquesta aplicaci\u00f3 ofereix acc\u00e9s gratu\u00eft per un mes. Ofereix continguts acad\u00e8mics de tercer a sis\u00e8 de totes les \u00e0rees en forma de joc. B\u00e9 per mantenir-nos actius i recordar conceptes.<\/li>\n<\/ul>\n<p><a href=\"https:\/\/www.rtve.es\/educlan\/\" data-wp-editing=\"1\"><img loading=\"lazy\" decoding=\"async\" class=\"\" src=\"https:\/\/img2.rtve.es\/i\/?w=1600&amp;i=1584118678769.jpg\" alt=\"Image result for educlan\" width=\"161\" height=\"58\" \/>Educlan<\/a><\/p>\n<ul style=\"list-style-type: disc;\">\n<li>CLAN ha creat \u00a0EDUCLAN, una eina educativa que s\u2019agrupa en tres canals, segons les edats (fins els 10 anys). Podeu trobar v\u00eddeos educatius de totes les \u00e0rees.<\/li>\n<\/ul>\n<p data-wp-editing=\"1\"><a href=\"https:\/\/view.genial.ly\/5e70a59080c12e0fd18181ab\/horizontal-infographic-review-edufis-fedac\"><img loading=\"lazy\" decoding=\"async\" class=\"\" src=\"https:\/\/1.bp.blogspot.com\/-xQTUr3VSXeY\/WUVhlZgPqeI\/AAAAAAAAInY\/epdOfxy96P8MFSXQpd096HZWoop8_IitQCLcBGAs\/s1600\/3-free-sport-vectors.jpg\" alt=\"Image result for fer esport\" width=\"118\" height=\"78\" \/>Fem dansa i esport\u00a0<\/a><\/p>\n<ul style=\"list-style-type: disc;\">\n<li>Fem una mica d&#8217;activitat f\u00edsica amb aquestes divertides propostes!<\/li>\n<\/ul>\n<p>&nbsp;<\/p>\n<p>&nbsp;<\/p>\n<p>&nbsp;<\/p>\n<p><a href=\"https:\/\/agora.xtec.cat\/ceip-dolorsalmeda-cornella\/wp-content\/uploads\/usu30\/2020\/03\/innovamat.png\">\u00a0 <\/a><\/p>\n","protected":false},"excerpt":{"rendered":"<p>Hola a tots i a totes!<br \/>\nEsperem que estigueu b\u00e9 i passeu aquests dies a casa de la millor manera possible. Amb la situaci\u00f3 actual s&#8217;estan posant en marxa molt bones iniciatives\u00a0 per passar l&#8217;estona i omplir les hores del dia. Us deixem aqu\u00ed uns links&hellip;  <a href=\"https:\/\/agora.xtec.cat\/ceip-dolorsalmeda-cornella\/general\/joemquedoacasa\/\" title=\"Read #joemquedoacasa\">Llegeix m\u00e9s\u00bb<\/a><\/p>\n","protected":false},"author":6,"featured_media":2445,"comment_status":"open","ping_status":"closed","sticky":false,"template":"","format":"standard","meta":{"_bbp_topic_count":0,"_bbp_reply_count":0,"_bbp_total_topic_count":0,"_bbp_total_reply_count":0,"_bbp_voice_count":0,"_bbp_anonymous_reply_count":0,"_bbp_topic_count_hidden":0,"_bbp_reply_count_hidden":0,"_bbp_forum_subforum_count":0,"footnotes":""},"categories":[1,2,4,5],"tags":[],"class_list":["post-2434","post","type-post","status-publish","format-standard","has-post-thumbnail","hentry","category-general","category-infantil","category-portada","category-primaria"],"post_mailing_queue_ids":[],"_links":{"self":[{"href":"https:\/\/agora.xtec.cat\/ceip-dolorsalmeda-cornella\/wp-json\/wp\/v2\/posts\/2434","targetHints":{"allow":["GET"]}}],"collection":[{"href":"https:\/\/agora.xtec.cat\/ceip-dolorsalmeda-cornella\/wp-json\/wp\/v2\/posts"}],"about":[{"href":"https:\/\/agora.xtec.cat\/ceip-dolorsalmeda-cornella\/wp-json\/wp\/v2\/types\/post"}],"author":[{"embeddable":true,"href":"https:\/\/agora.xtec.cat\/ceip-dolorsalmeda-cornella\/wp-json\/wp\/v2\/users\/6"}],"replies":[{"embeddable":true,"href":"https:\/\/agora.xtec.cat\/ceip-dolorsalmeda-cornella\/wp-json\/wp\/v2\/comments?post=2434"}],"version-history":[{"count":4,"href":"https:\/\/agora.xtec.cat\/ceip-dolorsalmeda-cornella\/wp-json\/wp\/v2\/posts\/2434\/revisions"}],"predecessor-version":[{"id":2618,"href":"https:\/\/agora.xtec.cat\/ceip-dolorsalmeda-cornella\/wp-json\/wp\/v2\/posts\/2434\/revisions\/2618"}],"wp:featuredmedia":[{"embeddable":true,"href":"https:\/\/agora.xtec.cat\/ceip-dolorsalmeda-cornella\/wp-json\/wp\/v2\/media\/2445"}],"wp:attachment":[{"href":"https:\/\/agora.xtec.cat\/ceip-dolorsalmeda-cornella\/wp-json\/wp\/v2\/media?parent=2434"}],"wp:term":[{"taxonomy":"category","embeddable":true,"href":"https:\/\/agora.xtec.cat\/ceip-dolorsalmeda-cornella\/wp-json\/wp\/v2\/categories?post=2434"},{"taxonomy":"post_tag","embeddable":true,"href":"https:\/\/agora.xtec.cat\/ceip-dolorsalmeda-cornella\/wp-json\/wp\/v2\/tags?post=2434"}],"curies":[{"name":"wp","href":"https:\/\/api.w.org\/{rel}","templated":true}]}}