{"id":2406,"date":"2020-03-12T12:22:38","date_gmt":"2020-03-12T11:22:38","guid":{"rendered":"https:\/\/agora.xtec.cat\/ceip-dolorsalmeda-cornella\/?p=2406"},"modified":"2020-03-12T12:23:07","modified_gmt":"2020-03-12T11:23:07","slug":"oficis-a-segon-mestra-deducacio-especial","status":"publish","type":"post","link":"https:\/\/agora.xtec.cat\/ceip-dolorsalmeda-cornella\/general\/oficis-a-segon-mestra-deducacio-especial\/","title":{"rendered":"Oficis a segon &#8211; Mestra d&#8217;educaci\u00f3 especial"},"content":{"rendered":"<p>El divendres 28 de febrer, l&#8217;Olalla, mare de l&#8217;Ander de segon B, ens va venir a explicar el seu ofici: mestra d&#8217;educaci\u00f3 especial. Per ajudar-nos a descobrir el seu ofici, ens va fer arribar la carta del Follet Trapella que, a trav\u00e9s de pictogrames, ens va explicar que havia amagat un llibre. A trav\u00e9s de diferents pistes, els infants van anar per diferents llocs de l&#8217;escola fins que van trobar una capsa amb un codi, i esbrinant el codi van poder obrir la capsa que contenia un llibre molt especial, el llibre dels pictogrames, s\u00edmbols que permeten referir-se a objectes sense utilitzar paraules. Amb aquest llibre, l&#8217;Olalla es comunica amb alguns dels seus alumnes que tenen dificultats per comunicar-se amb llenguatge oral i\/o escrit.<\/p>\n<p><a href=\"https:\/\/agora.xtec.cat\/ceip-dolorsalmeda-cornella\/wp-content\/uploads\/usu30\/2020\/03\/IMG_8298.jpg\"><img loading=\"lazy\" decoding=\"async\" class=\"wp-image-2407 aligncenter\" src=\"https:\/\/agora.xtec.cat\/ceip-dolorsalmeda-cornella\/wp-content\/uploads\/usu30\/2020\/03\/IMG_8298-1024x768.jpg\" alt=\"\" width=\"458\" height=\"343\" srcset=\"https:\/\/agora.xtec.cat\/ceip-dolorsalmeda-cornella\/wp-content\/uploads\/usu30\/2020\/03\/IMG_8298-1024x768.jpg 1024w, https:\/\/agora.xtec.cat\/ceip-dolorsalmeda-cornella\/wp-content\/uploads\/usu30\/2020\/03\/IMG_8298-300x225.jpg 300w, https:\/\/agora.xtec.cat\/ceip-dolorsalmeda-cornella\/wp-content\/uploads\/usu30\/2020\/03\/IMG_8298-768x576.jpg 768w, https:\/\/agora.xtec.cat\/ceip-dolorsalmeda-cornella\/wp-content\/uploads\/usu30\/2020\/03\/IMG_8298-200x150.jpg 200w, https:\/\/agora.xtec.cat\/ceip-dolorsalmeda-cornella\/wp-content\/uploads\/usu30\/2020\/03\/IMG_8298.jpg 2016w\" sizes=\"auto, (max-width: 458px) 100vw, 458px\" \/><\/a><\/p>\n","protected":false},"excerpt":{"rendered":"<p>El divendres 28 de febrer, l&#8217;Olalla, mare de l&#8217;Ander de segon B, ens va venir a explicar el seu ofici: mestra d&#8217;educaci\u00f3 especial. Per ajudar-nos a descobrir el seu ofici, ens va fer arribar la carta del Follet Trapella que, a trav\u00e9s de pictogrames, ens&hellip;  <a href=\"https:\/\/agora.xtec.cat\/ceip-dolorsalmeda-cornella\/general\/oficis-a-segon-mestra-deducacio-especial\/\" title=\"Read Oficis a segon &#8211; Mestra d&#8217;educaci\u00f3 especial\">Llegeix m\u00e9s\u00bb<\/a><\/p>\n","protected":false},"author":1,"featured_media":2408,"comment_status":"open","ping_status":"closed","sticky":false,"template":"","format":"standard","meta":{"_bbp_topic_count":0,"_bbp_reply_count":0,"_bbp_total_topic_count":0,"_bbp_total_reply_count":0,"_bbp_voice_count":0,"_bbp_anonymous_reply_count":0,"_bbp_topic_count_hidden":0,"_bbp_reply_count_hidden":0,"_bbp_forum_subforum_count":0,"footnotes":""},"categories":[11,1,4,5],"tags":[77,69],"class_list":["post-2406","post","type-post","status-publish","format-standard","has-post-thumbnail","hentry","category-2n","category-general","category-portada","category-primaria","tag-families","tag-oficis"],"post_mailing_queue_ids":[],"_links":{"self":[{"href":"https:\/\/agora.xtec.cat\/ceip-dolorsalmeda-cornella\/wp-json\/wp\/v2\/posts\/2406","targetHints":{"allow":["GET"]}}],"collection":[{"href":"https:\/\/agora.xtec.cat\/ceip-dolorsalmeda-cornella\/wp-json\/wp\/v2\/posts"}],"about":[{"href":"https:\/\/agora.xtec.cat\/ceip-dolorsalmeda-cornella\/wp-json\/wp\/v2\/types\/post"}],"author":[{"embeddable":true,"href":"https:\/\/agora.xtec.cat\/ceip-dolorsalmeda-cornella\/wp-json\/wp\/v2\/users\/1"}],"replies":[{"embeddable":true,"href":"https:\/\/agora.xtec.cat\/ceip-dolorsalmeda-cornella\/wp-json\/wp\/v2\/comments?post=2406"}],"version-history":[{"count":1,"href":"https:\/\/agora.xtec.cat\/ceip-dolorsalmeda-cornella\/wp-json\/wp\/v2\/posts\/2406\/revisions"}],"predecessor-version":[{"id":2409,"href":"https:\/\/agora.xtec.cat\/ceip-dolorsalmeda-cornella\/wp-json\/wp\/v2\/posts\/2406\/revisions\/2409"}],"wp:featuredmedia":[{"embeddable":true,"href":"https:\/\/agora.xtec.cat\/ceip-dolorsalmeda-cornella\/wp-json\/wp\/v2\/media\/2408"}],"wp:attachment":[{"href":"https:\/\/agora.xtec.cat\/ceip-dolorsalmeda-cornella\/wp-json\/wp\/v2\/media?parent=2406"}],"wp:term":[{"taxonomy":"category","embeddable":true,"href":"https:\/\/agora.xtec.cat\/ceip-dolorsalmeda-cornella\/wp-json\/wp\/v2\/categories?post=2406"},{"taxonomy":"post_tag","embeddable":true,"href":"https:\/\/agora.xtec.cat\/ceip-dolorsalmeda-cornella\/wp-json\/wp\/v2\/tags?post=2406"}],"curies":[{"name":"wp","href":"https:\/\/api.w.org\/{rel}","templated":true}]}}