{"id":2391,"date":"2020-02-27T22:29:12","date_gmt":"2020-02-27T21:29:12","guid":{"rendered":"https:\/\/agora.xtec.cat\/ceip-dolorsalmeda-cornella\/?p=2391"},"modified":"2020-11-03T22:31:27","modified_gmt":"2020-11-03T21:31:27","slug":"tarda-de-jocs-amb-families","status":"publish","type":"post","link":"https:\/\/agora.xtec.cat\/ceip-dolorsalmeda-cornella\/general\/tarda-de-jocs-amb-families\/","title":{"rendered":"TARDA DE JOCS AMB FAM\u00cdLIES"},"content":{"rendered":"<p><a href=\"https:\/\/agora.xtec.cat\/ceip-dolorsalmeda-cornella\/wp-content\/uploads\/usu30\/2020\/03\/DSCN0231.jpg\"><img loading=\"lazy\" decoding=\"async\" class=\"wp-image-3077 aligncenter\" src=\"https:\/\/agora.xtec.cat\/ceip-dolorsalmeda-cornella\/wp-content\/uploads\/usu30\/2020\/03\/DSCN0231-1024x768.jpg\" alt=\"\" width=\"557\" height=\"418\" srcset=\"https:\/\/agora.xtec.cat\/ceip-dolorsalmeda-cornella\/wp-content\/uploads\/usu30\/2020\/03\/DSCN0231-1024x768.jpg 1024w, https:\/\/agora.xtec.cat\/ceip-dolorsalmeda-cornella\/wp-content\/uploads\/usu30\/2020\/03\/DSCN0231-300x225.jpg 300w, https:\/\/agora.xtec.cat\/ceip-dolorsalmeda-cornella\/wp-content\/uploads\/usu30\/2020\/03\/DSCN0231-768x576.jpg 768w, https:\/\/agora.xtec.cat\/ceip-dolorsalmeda-cornella\/wp-content\/uploads\/usu30\/2020\/03\/DSCN0231-200x150.jpg 200w\" sizes=\"auto, (max-width: 557px) 100vw, 557px\" \/><\/a><\/p>\n<p>Durant la setmana cultural es van desenvolupar diverses activitats a l&#8217;escola. Amb una d&#8217;elles van poder participar les fam\u00edlies. Aquesta activitat \u00e9s la de les tardes, &#8220;jocs en fam\u00edlia&#8221;, on els infants van poder jugar i gaudir amb la companyia d&#8217;alguns familiars. En aquestes tardes de joc van aprendre a jugar a alguns jocs de taula com: <em>el virus, halli-galli, el catan. l&#8217;unno, hop! hop! hop!, el piratatak, el twister, l&#8217;oca gegant de l&#8217;escola o el memory.<\/em> Van acabar de consolidar les normes dels diversos jocs, que alguns ja els coneixien, mentre que tamb\u00e9 van aprendre a jugar als altres.<\/p>\n<p>Amb la col\u00b7laboraci\u00f3 de <a href=\"https:\/\/agora.xtec.cat\/ceip-dolorsalmeda-cornella\/wp-content\/uploads\/usu30\/2020\/02\/ajuntament-cornell\u00e0.png\"><img loading=\"lazy\" decoding=\"async\" class=\"alignnone  wp-image-3073\" src=\"https:\/\/agora.xtec.cat\/ceip-dolorsalmeda-cornella\/wp-content\/uploads\/usu30\/2020\/02\/ajuntament-cornell\u00e0.png\" alt=\"\" width=\"199\" height=\"76\" srcset=\"https:\/\/agora.xtec.cat\/ceip-dolorsalmeda-cornella\/wp-content\/uploads\/usu30\/2020\/02\/ajuntament-cornell\u00e0.png 364w, https:\/\/agora.xtec.cat\/ceip-dolorsalmeda-cornella\/wp-content\/uploads\/usu30\/2020\/02\/ajuntament-cornell\u00e0-300x114.png 300w\" sizes=\"auto, (max-width: 199px) 100vw, 199px\" \/><\/a><\/p>\n<p>FOTOS <a href=\"https:\/\/photos.app.goo.gl\/tYoszyJZCVSh7NGn8\">https:\/\/photos.app.goo.gl\/tYoszyJZCVSh<\/a><a href=\"https:\/\/photos.app.goo.gl\/tYoszyJZCVSh7NGn8\">7NGn8<\/a><\/p>\n","protected":false},"excerpt":{"rendered":"<p><a href=\"https:\/\/agora.xtec.cat\/ceip-dolorsalmeda-cornella\/wp-content\/uploads\/usu30\/2020\/03\/DSCN0231.jpg\"><\/a><br \/>\nDurant la setmana cultural es van desenvolupar diverses activitats a l&#8217;escola. Amb una d&#8217;elles van poder participar les fam\u00edlies. Aquesta activitat \u00e9s la de les tardes, &#8220;jocs en fam\u00edlia&#8221;, on els infants van poder jugar i gaudir amb la companyia d&#8217;alguns familiars. En aquestes&hellip;  <a href=\"https:\/\/agora.xtec.cat\/ceip-dolorsalmeda-cornella\/general\/tarda-de-jocs-amb-families\/\" title=\"Read TARDA DE JOCS AMB FAM\u00cdLIES\">Llegeix m\u00e9s\u00bb<\/a><\/p>\n","protected":false},"author":1,"featured_media":3077,"comment_status":"open","ping_status":"closed","sticky":false,"template":"","format":"standard","meta":{"_bbp_topic_count":0,"_bbp_reply_count":0,"_bbp_total_topic_count":0,"_bbp_total_reply_count":0,"_bbp_voice_count":0,"_bbp_anonymous_reply_count":0,"_bbp_topic_count_hidden":0,"_bbp_reply_count_hidden":0,"_bbp_forum_subforum_count":0,"footnotes":""},"categories":[1],"tags":[],"class_list":["post-2391","post","type-post","status-publish","format-standard","has-post-thumbnail","hentry","category-general"],"post_mailing_queue_ids":[],"_links":{"self":[{"href":"https:\/\/agora.xtec.cat\/ceip-dolorsalmeda-cornella\/wp-json\/wp\/v2\/posts\/2391","targetHints":{"allow":["GET"]}}],"collection":[{"href":"https:\/\/agora.xtec.cat\/ceip-dolorsalmeda-cornella\/wp-json\/wp\/v2\/posts"}],"about":[{"href":"https:\/\/agora.xtec.cat\/ceip-dolorsalmeda-cornella\/wp-json\/wp\/v2\/types\/post"}],"author":[{"embeddable":true,"href":"https:\/\/agora.xtec.cat\/ceip-dolorsalmeda-cornella\/wp-json\/wp\/v2\/users\/1"}],"replies":[{"embeddable":true,"href":"https:\/\/agora.xtec.cat\/ceip-dolorsalmeda-cornella\/wp-json\/wp\/v2\/comments?post=2391"}],"version-history":[{"count":3,"href":"https:\/\/agora.xtec.cat\/ceip-dolorsalmeda-cornella\/wp-json\/wp\/v2\/posts\/2391\/revisions"}],"predecessor-version":[{"id":3078,"href":"https:\/\/agora.xtec.cat\/ceip-dolorsalmeda-cornella\/wp-json\/wp\/v2\/posts\/2391\/revisions\/3078"}],"wp:featuredmedia":[{"embeddable":true,"href":"https:\/\/agora.xtec.cat\/ceip-dolorsalmeda-cornella\/wp-json\/wp\/v2\/media\/3077"}],"wp:attachment":[{"href":"https:\/\/agora.xtec.cat\/ceip-dolorsalmeda-cornella\/wp-json\/wp\/v2\/media?parent=2391"}],"wp:term":[{"taxonomy":"category","embeddable":true,"href":"https:\/\/agora.xtec.cat\/ceip-dolorsalmeda-cornella\/wp-json\/wp\/v2\/categories?post=2391"},{"taxonomy":"post_tag","embeddable":true,"href":"https:\/\/agora.xtec.cat\/ceip-dolorsalmeda-cornella\/wp-json\/wp\/v2\/tags?post=2391"}],"curies":[{"name":"wp","href":"https:\/\/api.w.org\/{rel}","templated":true}]}}