{"id":2378,"date":"2020-02-25T22:10:41","date_gmt":"2020-02-25T21:10:41","guid":{"rendered":"https:\/\/agora.xtec.cat\/ceip-dolorsalmeda-cornella\/?p=2378"},"modified":"2020-02-25T22:14:38","modified_gmt":"2020-02-25T21:14:38","slug":"ofici-de-farmaceutic","status":"publish","type":"post","link":"https:\/\/agora.xtec.cat\/ceip-dolorsalmeda-cornella\/general\/ofici-de-farmaceutic\/","title":{"rendered":"Ofici de farmac\u00e8utic"},"content":{"rendered":"<p><a href=\"https:\/\/agora.xtec.cat\/ceip-dolorsalmeda-cornella\/wp-content\/uploads\/usu30\/2020\/02\/Ofici-farmac\u00e8utic42.jpg\"><img loading=\"lazy\" decoding=\"async\" class=\"alignnone wp-image-2379\" src=\"https:\/\/agora.xtec.cat\/ceip-dolorsalmeda-cornella\/wp-content\/uploads\/usu30\/2020\/02\/Ofici-farmac\u00e8utic42-1024x768.jpg\" alt=\"\" width=\"532\" height=\"399\" srcset=\"https:\/\/agora.xtec.cat\/ceip-dolorsalmeda-cornella\/wp-content\/uploads\/usu30\/2020\/02\/Ofici-farmac\u00e8utic42-1024x768.jpg 1024w, https:\/\/agora.xtec.cat\/ceip-dolorsalmeda-cornella\/wp-content\/uploads\/usu30\/2020\/02\/Ofici-farmac\u00e8utic42-300x225.jpg 300w, https:\/\/agora.xtec.cat\/ceip-dolorsalmeda-cornella\/wp-content\/uploads\/usu30\/2020\/02\/Ofici-farmac\u00e8utic42-768x576.jpg 768w, https:\/\/agora.xtec.cat\/ceip-dolorsalmeda-cornella\/wp-content\/uploads\/usu30\/2020\/02\/Ofici-farmac\u00e8utic42-200x150.jpg 200w, https:\/\/agora.xtec.cat\/ceip-dolorsalmeda-cornella\/wp-content\/uploads\/usu30\/2020\/02\/Ofici-farmac\u00e8utic42.jpg 2016w\" sizes=\"auto, (max-width: 532px) 100vw, 532px\" \/><\/a><\/p>\n<p>El passat 7 de febrer, el Jose, pare de la Maria de 2nB, va venir a la classe a explicar el seu ofici als alumnes de la classe del Parx\u00eds. Ens va portar una presentaci\u00f3 que va projectar a la pissarra digital per explicar-nos algunes de les tasques dels farmac\u00e8utics, com per exemple dispensar medicaments, algunes anal\u00edtiques (com per exemple veure el sucre a la sang) o preparar f\u00f2rmules magistrals. Van estar observant com eren els s\u00edmbols que identificaven les farm\u00e0cies (creu verda), que s\u00f3n similars a les que identifiquen els hospitals (creu vermella) o les ambul\u00e0ncies. Tamb\u00e9 ens va explicar el significat del s\u00edmbol dels farmac\u00e8utics, una copa (s\u00edmbol del remei que es pren alg\u00fa per curar-se) i una serp enroscada (s\u00edmbol de poder). Aquest s\u00edmbol \u00e9s el d<strong>&#8216;<a title=\"Higiea (mitologia)\" href=\"https:\/\/ca.wikipedia.org\/wiki\/Higiea_(mitologia)\">Higiea<\/a>,<\/strong> la deessa grega de la salut, la netedat o higiene i la guarici\u00f3 (en la mitologia romana). En finalitzar l&#8217;explicaci\u00f3, el Jose ens va portar un morter (utensili molt utilitzat pels farmac\u00e8utics) i ens va ensenyar a fer una crema per les rascades o vermellors de la pell.\u00a0 Gr\u00e0cies Jose per compartir la tarda amb nosaltres!<\/p>\n<p><a href=\"https:\/\/photos.app.goo.gl\/GhsL5WCo8URKCrsU8\">FOTOS<\/a><\/p>\n","protected":false},"excerpt":{"rendered":"<p><a href=\"https:\/\/agora.xtec.cat\/ceip-dolorsalmeda-cornella\/wp-content\/uploads\/usu30\/2020\/02\/Ofici-farmac\u00e8utic42.jpg\"><\/a><br \/>\nEl passat 7 de febrer, el Jose, pare de la Maria de 2nB, va venir a la classe a explicar el seu ofici als alumnes de la classe del Parx\u00eds. Ens va portar una presentaci\u00f3 que va projectar a la pissarra digital per explicar-nos&hellip;  <a href=\"https:\/\/agora.xtec.cat\/ceip-dolorsalmeda-cornella\/general\/ofici-de-farmaceutic\/\" title=\"Read Ofici de farmac\u00e8utic\">Llegeix m\u00e9s\u00bb<\/a><\/p>\n","protected":false},"author":1,"featured_media":2383,"comment_status":"open","ping_status":"closed","sticky":false,"template":"","format":"standard","meta":{"_bbp_topic_count":0,"_bbp_reply_count":0,"_bbp_total_topic_count":0,"_bbp_total_reply_count":0,"_bbp_voice_count":0,"_bbp_anonymous_reply_count":0,"_bbp_topic_count_hidden":0,"_bbp_reply_count_hidden":0,"_bbp_forum_subforum_count":0,"footnotes":""},"categories":[11,1,4,5],"tags":[69],"class_list":["post-2378","post","type-post","status-publish","format-standard","has-post-thumbnail","hentry","category-2n","category-general","category-portada","category-primaria","tag-oficis"],"post_mailing_queue_ids":[],"_links":{"self":[{"href":"https:\/\/agora.xtec.cat\/ceip-dolorsalmeda-cornella\/wp-json\/wp\/v2\/posts\/2378","targetHints":{"allow":["GET"]}}],"collection":[{"href":"https:\/\/agora.xtec.cat\/ceip-dolorsalmeda-cornella\/wp-json\/wp\/v2\/posts"}],"about":[{"href":"https:\/\/agora.xtec.cat\/ceip-dolorsalmeda-cornella\/wp-json\/wp\/v2\/types\/post"}],"author":[{"embeddable":true,"href":"https:\/\/agora.xtec.cat\/ceip-dolorsalmeda-cornella\/wp-json\/wp\/v2\/users\/1"}],"replies":[{"embeddable":true,"href":"https:\/\/agora.xtec.cat\/ceip-dolorsalmeda-cornella\/wp-json\/wp\/v2\/comments?post=2378"}],"version-history":[{"count":3,"href":"https:\/\/agora.xtec.cat\/ceip-dolorsalmeda-cornella\/wp-json\/wp\/v2\/posts\/2378\/revisions"}],"predecessor-version":[{"id":2384,"href":"https:\/\/agora.xtec.cat\/ceip-dolorsalmeda-cornella\/wp-json\/wp\/v2\/posts\/2378\/revisions\/2384"}],"wp:featuredmedia":[{"embeddable":true,"href":"https:\/\/agora.xtec.cat\/ceip-dolorsalmeda-cornella\/wp-json\/wp\/v2\/media\/2383"}],"wp:attachment":[{"href":"https:\/\/agora.xtec.cat\/ceip-dolorsalmeda-cornella\/wp-json\/wp\/v2\/media?parent=2378"}],"wp:term":[{"taxonomy":"category","embeddable":true,"href":"https:\/\/agora.xtec.cat\/ceip-dolorsalmeda-cornella\/wp-json\/wp\/v2\/categories?post=2378"},{"taxonomy":"post_tag","embeddable":true,"href":"https:\/\/agora.xtec.cat\/ceip-dolorsalmeda-cornella\/wp-json\/wp\/v2\/tags?post=2378"}],"curies":[{"name":"wp","href":"https:\/\/api.w.org\/{rel}","templated":true}]}}