{"id":2309,"date":"2019-12-17T14:06:41","date_gmt":"2019-12-17T13:06:41","guid":{"rendered":"https:\/\/agora.xtec.cat\/ceip-dolorsalmeda-cornella\/?p=2309"},"modified":"2019-12-17T14:11:30","modified_gmt":"2019-12-17T13:11:30","slug":"visita-de-la-fada-ondina-2","status":"publish","type":"post","link":"https:\/\/agora.xtec.cat\/ceip-dolorsalmeda-cornella\/general\/visita-de-la-fada-ondina-2\/","title":{"rendered":"Visita de la Fada Ondina"},"content":{"rendered":"<p><a href=\"https:\/\/agora.xtec.cat\/ceip-dolorsalmeda-cornella\/wp-content\/uploads\/usu30\/2019\/12\/FADA-ONDINA-CICLE-INICIAL-13.jpg\"><img loading=\"lazy\" decoding=\"async\" class=\"wp-image-2314 aligncenter\" src=\"https:\/\/agora.xtec.cat\/ceip-dolorsalmeda-cornella\/wp-content\/uploads\/usu30\/2019\/12\/FADA-ONDINA-CICLE-INICIAL-13-1024x683.jpg\" alt=\"\" width=\"327\" height=\"218\" srcset=\"https:\/\/agora.xtec.cat\/ceip-dolorsalmeda-cornella\/wp-content\/uploads\/usu30\/2019\/12\/FADA-ONDINA-CICLE-INICIAL-13-1024x683.jpg 1024w, https:\/\/agora.xtec.cat\/ceip-dolorsalmeda-cornella\/wp-content\/uploads\/usu30\/2019\/12\/FADA-ONDINA-CICLE-INICIAL-13-300x200.jpg 300w, https:\/\/agora.xtec.cat\/ceip-dolorsalmeda-cornella\/wp-content\/uploads\/usu30\/2019\/12\/FADA-ONDINA-CICLE-INICIAL-13-768x512.jpg 768w\" sizes=\"auto, (max-width: 327px) 100vw, 327px\" \/><\/a><\/p>\n<p>Com ja \u00e9s tradici\u00f3 a la nostra escola, la Fada Ondfina ens ha vingut a visitar acompanyada del m\u00fasic Prana amb la seva guitarra. Despr\u00e9s de saludar les nenes i els nens, els ha llegit la carta del Mag Maginet on explica hist\u00f2ries d&#8217;ell i dels seus ajudants. Finalment, els ha recordat que poden visitar la Torre de la Miranda per veure el laboratori del Mag Maginet, aix\u00ed com el campament oriental on podan entregar les seves cartes i elaborar l&#8217;element m\u00e0gic pel dia de la cavalcada. Finalment, han cantat plegats\u00a0 la can\u00e7\u00f3 \u201cDesperta Maginet\u201d.<\/p>\n<p>La Fada els ha explicat que trobaran a la classe unes boles de nadal per escriure els seus desitjos i penjar-les als Arbres dels Desitjos del barri. Tamb\u00e9 trobaran el conte de \u201cla nit de reis\u201d i una carta per tirar a la b\u00fastia del Mag Maginet.<\/p>\n<p><a href=\"https:\/\/photos.app.goo.gl\/hPCjEovR1bk4xFDS9\" target=\"_blank\" rel=\"noopener noreferrer\">FOTOS CICLE INICIAL<\/a><\/p>\n<p><a href=\"https:\/\/photos.app.goo.gl\/QFdkMEEXg98eUF516\" target=\"_blank\" rel=\"noopener noreferrer\">FOTOS P4 P5<\/a><\/p>\n","protected":false},"excerpt":{"rendered":"<p><a href=\"https:\/\/agora.xtec.cat\/ceip-dolorsalmeda-cornella\/wp-content\/uploads\/usu30\/2019\/12\/FADA-ONDINA-CICLE-INICIAL-13.jpg\"><\/a><br \/>\nCom ja \u00e9s tradici\u00f3 a la nostra escola, la Fada Ondfina ens ha vingut a visitar acompanyada del m\u00fasic Prana amb la seva guitarra. Despr\u00e9s de saludar les nenes i els nens, els ha llegit la carta del Mag Maginet on explica hist\u00f2ries d&#8217;ell&hellip;  <a href=\"https:\/\/agora.xtec.cat\/ceip-dolorsalmeda-cornella\/general\/visita-de-la-fada-ondina-2\/\" title=\"Read Visita de la Fada Ondina\">Llegeix m\u00e9s\u00bb<\/a><\/p>\n","protected":false},"author":1,"featured_media":2314,"comment_status":"open","ping_status":"closed","sticky":false,"template":"","format":"standard","meta":{"_bbp_topic_count":0,"_bbp_reply_count":0,"_bbp_total_topic_count":0,"_bbp_total_reply_count":0,"_bbp_voice_count":0,"_bbp_anonymous_reply_count":0,"_bbp_topic_count_hidden":0,"_bbp_reply_count_hidden":0,"_bbp_forum_subforum_count":0,"footnotes":""},"categories":[10,11,1,8,9,2,4,5],"tags":[75,220,74],"class_list":["post-2309","post","type-post","status-publish","format-standard","has-post-thumbnail","hentry","category-1r","category-2n","category-general","category-i4","category-i5","category-infantil","category-portada","category-primaria","tag-fada-ondina","tag-maginet","tag-nadal"],"post_mailing_queue_ids":[],"_links":{"self":[{"href":"https:\/\/agora.xtec.cat\/ceip-dolorsalmeda-cornella\/wp-json\/wp\/v2\/posts\/2309","targetHints":{"allow":["GET"]}}],"collection":[{"href":"https:\/\/agora.xtec.cat\/ceip-dolorsalmeda-cornella\/wp-json\/wp\/v2\/posts"}],"about":[{"href":"https:\/\/agora.xtec.cat\/ceip-dolorsalmeda-cornella\/wp-json\/wp\/v2\/types\/post"}],"author":[{"embeddable":true,"href":"https:\/\/agora.xtec.cat\/ceip-dolorsalmeda-cornella\/wp-json\/wp\/v2\/users\/1"}],"replies":[{"embeddable":true,"href":"https:\/\/agora.xtec.cat\/ceip-dolorsalmeda-cornella\/wp-json\/wp\/v2\/comments?post=2309"}],"version-history":[{"count":3,"href":"https:\/\/agora.xtec.cat\/ceip-dolorsalmeda-cornella\/wp-json\/wp\/v2\/posts\/2309\/revisions"}],"predecessor-version":[{"id":2315,"href":"https:\/\/agora.xtec.cat\/ceip-dolorsalmeda-cornella\/wp-json\/wp\/v2\/posts\/2309\/revisions\/2315"}],"wp:featuredmedia":[{"embeddable":true,"href":"https:\/\/agora.xtec.cat\/ceip-dolorsalmeda-cornella\/wp-json\/wp\/v2\/media\/2314"}],"wp:attachment":[{"href":"https:\/\/agora.xtec.cat\/ceip-dolorsalmeda-cornella\/wp-json\/wp\/v2\/media?parent=2309"}],"wp:term":[{"taxonomy":"category","embeddable":true,"href":"https:\/\/agora.xtec.cat\/ceip-dolorsalmeda-cornella\/wp-json\/wp\/v2\/categories?post=2309"},{"taxonomy":"post_tag","embeddable":true,"href":"https:\/\/agora.xtec.cat\/ceip-dolorsalmeda-cornella\/wp-json\/wp\/v2\/tags?post=2309"}],"curies":[{"name":"wp","href":"https:\/\/api.w.org\/{rel}","templated":true}]}}