{"id":2294,"date":"2019-12-04T13:20:56","date_gmt":"2019-12-04T12:20:56","guid":{"rendered":"https:\/\/agora.xtec.cat\/ceip-dolorsalmeda-cornella\/?p=2294"},"modified":"2019-12-04T13:20:56","modified_gmt":"2019-12-04T12:20:56","slug":"oficis-families-2n-b","status":"publish","type":"post","link":"https:\/\/agora.xtec.cat\/ceip-dolorsalmeda-cornella\/general\/oficis-families-2n-b\/","title":{"rendered":"Oficis fam\u00edlies 2n B"},"content":{"rendered":"<p>El divendres 29 de novembre, l\u2019Al\u00edcia (mare del Mart\u00ed) i l\u2019Eli i el Candi (pares de l\u2019Arturo), van venir a la classe de 2nB a explicar el seu ofici: INFERMERES. Els van explicar quines tasques fan dins del seu ofici: posar vacunes, fer la revisi\u00f3 dels infants per veure com creixen, donar consells sobre alimentaci\u00f3, fer cures quan es fan ferides&#8230; i despr\u00e9s van portar material per poder jugar una estona a infermeres posant vacunes, posant venes a bra\u00e7os i cames, cuidant els nadons, revisant la vista, escoltant el cor i mirant la febre.<\/p>\n<p>&nbsp;<\/p>\n<p><a href=\"https:\/\/photos.app.goo.gl\/bBqApZ3N5A7NsJhg8\">Fotos<\/a><\/p>\n","protected":false},"excerpt":{"rendered":"<p>El divendres 29 de novembre, l\u2019Al\u00edcia (mare del Mart\u00ed) i l\u2019Eli i el Candi (pares de l\u2019Arturo), van venir a la classe de 2nB a explicar el seu ofici: INFERMERES. Els van explicar quines tasques fan dins del seu ofici: posar vacunes, fer la revisi\u00f3&hellip;  <a href=\"https:\/\/agora.xtec.cat\/ceip-dolorsalmeda-cornella\/general\/oficis-families-2n-b\/\" title=\"Read Oficis fam\u00edlies 2n B\">Llegeix m\u00e9s\u00bb<\/a><\/p>\n","protected":false},"author":1,"featured_media":2298,"comment_status":"open","ping_status":"closed","sticky":false,"template":"","format":"standard","meta":{"_bbp_topic_count":0,"_bbp_reply_count":0,"_bbp_total_topic_count":0,"_bbp_total_reply_count":0,"_bbp_voice_count":0,"_bbp_anonymous_reply_count":0,"_bbp_topic_count_hidden":0,"_bbp_reply_count_hidden":0,"_bbp_forum_subforum_count":0,"footnotes":""},"categories":[11,1,4,5],"tags":[77,69,215],"class_list":["post-2294","post","type-post","status-publish","format-standard","has-post-thumbnail","hentry","category-2n","category-general","category-portada","category-primaria","tag-families","tag-oficis","tag-segon"],"post_mailing_queue_ids":[],"_links":{"self":[{"href":"https:\/\/agora.xtec.cat\/ceip-dolorsalmeda-cornella\/wp-json\/wp\/v2\/posts\/2294","targetHints":{"allow":["GET"]}}],"collection":[{"href":"https:\/\/agora.xtec.cat\/ceip-dolorsalmeda-cornella\/wp-json\/wp\/v2\/posts"}],"about":[{"href":"https:\/\/agora.xtec.cat\/ceip-dolorsalmeda-cornella\/wp-json\/wp\/v2\/types\/post"}],"author":[{"embeddable":true,"href":"https:\/\/agora.xtec.cat\/ceip-dolorsalmeda-cornella\/wp-json\/wp\/v2\/users\/1"}],"replies":[{"embeddable":true,"href":"https:\/\/agora.xtec.cat\/ceip-dolorsalmeda-cornella\/wp-json\/wp\/v2\/comments?post=2294"}],"version-history":[{"count":2,"href":"https:\/\/agora.xtec.cat\/ceip-dolorsalmeda-cornella\/wp-json\/wp\/v2\/posts\/2294\/revisions"}],"predecessor-version":[{"id":2299,"href":"https:\/\/agora.xtec.cat\/ceip-dolorsalmeda-cornella\/wp-json\/wp\/v2\/posts\/2294\/revisions\/2299"}],"wp:featuredmedia":[{"embeddable":true,"href":"https:\/\/agora.xtec.cat\/ceip-dolorsalmeda-cornella\/wp-json\/wp\/v2\/media\/2298"}],"wp:attachment":[{"href":"https:\/\/agora.xtec.cat\/ceip-dolorsalmeda-cornella\/wp-json\/wp\/v2\/media?parent=2294"}],"wp:term":[{"taxonomy":"category","embeddable":true,"href":"https:\/\/agora.xtec.cat\/ceip-dolorsalmeda-cornella\/wp-json\/wp\/v2\/categories?post=2294"},{"taxonomy":"post_tag","embeddable":true,"href":"https:\/\/agora.xtec.cat\/ceip-dolorsalmeda-cornella\/wp-json\/wp\/v2\/tags?post=2294"}],"curies":[{"name":"wp","href":"https:\/\/api.w.org\/{rel}","templated":true}]}}