{"id":2275,"date":"2019-11-27T13:03:35","date_gmt":"2019-11-27T12:03:35","guid":{"rendered":"https:\/\/agora.xtec.cat\/ceip-dolorsalmeda-cornella\/?p=2275"},"modified":"2019-11-27T13:03:35","modified_gmt":"2019-11-27T12:03:35","slug":"educacio-vial","status":"publish","type":"post","link":"https:\/\/agora.xtec.cat\/ceip-dolorsalmeda-cornella\/general\/educacio-vial\/","title":{"rendered":"Educaci\u00f3 vial"},"content":{"rendered":"<p>El 12, 14, 19 i 21 de novembre, els alumnes de segon van rebre la visita d\u2019un policia, el Sergio. Els ha recordat les normes que hi ha de forma impl\u00edcita i expl\u00edcita al carrer i la funci\u00f3 que tenen els policies. A m\u00e9s, ens ha explicat les eines que fan servir i hem pogut veure com es comunicava amb la centraleta, amb una trucada de prova. Tamb\u00e9, ha fet veure als infants la import\u00e0ncia de seguir les normes quan estem fora de casa, ja que si no les seguim, respectant-nos uns als altres, \u00e9s quan es creen conflictes.\u00a0 Finalment, mitjan\u00e7ant jocs ens ha fet reflexionar com de perill\u00f3s podria ser no seguir les senyals de tr\u00e0nsit, ja sigui per vianants com conductors. Sense oblidar-nos de la import\u00e0ncia dels cinturons quan anem amb el cotxe.<\/p>\n<p><a href=\"https:\/\/photos.app.goo.gl\/qNEfQANvd8Lurey27\">Fotos<\/a><\/p>\n<p>&nbsp;<\/p>\n","protected":false},"excerpt":{"rendered":"<p>El 12, 14, 19 i 21 de novembre, els alumnes de segon van rebre la visita d\u2019un policia, el Sergio. Els ha recordat les normes que hi ha de forma impl\u00edcita i expl\u00edcita al carrer i la funci\u00f3 que tenen els policies. A m\u00e9s, ens&hellip;  <a href=\"https:\/\/agora.xtec.cat\/ceip-dolorsalmeda-cornella\/general\/educacio-vial\/\" title=\"Read Educaci\u00f3 vial\">Llegeix m\u00e9s\u00bb<\/a><\/p>\n","protected":false},"author":1,"featured_media":2276,"comment_status":"open","ping_status":"closed","sticky":false,"template":"","format":"standard","meta":{"_bbp_topic_count":0,"_bbp_reply_count":0,"_bbp_total_topic_count":0,"_bbp_total_reply_count":0,"_bbp_voice_count":0,"_bbp_anonymous_reply_count":0,"_bbp_topic_count_hidden":0,"_bbp_reply_count_hidden":0,"_bbp_forum_subforum_count":0,"footnotes":""},"categories":[11,1,4],"tags":[217,215],"class_list":["post-2275","post","type-post","status-publish","format-standard","has-post-thumbnail","hentry","category-2n","category-general","category-portada","tag-educacio-vial","tag-segon"],"post_mailing_queue_ids":[],"_links":{"self":[{"href":"https:\/\/agora.xtec.cat\/ceip-dolorsalmeda-cornella\/wp-json\/wp\/v2\/posts\/2275","targetHints":{"allow":["GET"]}}],"collection":[{"href":"https:\/\/agora.xtec.cat\/ceip-dolorsalmeda-cornella\/wp-json\/wp\/v2\/posts"}],"about":[{"href":"https:\/\/agora.xtec.cat\/ceip-dolorsalmeda-cornella\/wp-json\/wp\/v2\/types\/post"}],"author":[{"embeddable":true,"href":"https:\/\/agora.xtec.cat\/ceip-dolorsalmeda-cornella\/wp-json\/wp\/v2\/users\/1"}],"replies":[{"embeddable":true,"href":"https:\/\/agora.xtec.cat\/ceip-dolorsalmeda-cornella\/wp-json\/wp\/v2\/comments?post=2275"}],"version-history":[{"count":1,"href":"https:\/\/agora.xtec.cat\/ceip-dolorsalmeda-cornella\/wp-json\/wp\/v2\/posts\/2275\/revisions"}],"predecessor-version":[{"id":2277,"href":"https:\/\/agora.xtec.cat\/ceip-dolorsalmeda-cornella\/wp-json\/wp\/v2\/posts\/2275\/revisions\/2277"}],"wp:featuredmedia":[{"embeddable":true,"href":"https:\/\/agora.xtec.cat\/ceip-dolorsalmeda-cornella\/wp-json\/wp\/v2\/media\/2276"}],"wp:attachment":[{"href":"https:\/\/agora.xtec.cat\/ceip-dolorsalmeda-cornella\/wp-json\/wp\/v2\/media?parent=2275"}],"wp:term":[{"taxonomy":"category","embeddable":true,"href":"https:\/\/agora.xtec.cat\/ceip-dolorsalmeda-cornella\/wp-json\/wp\/v2\/categories?post=2275"},{"taxonomy":"post_tag","embeddable":true,"href":"https:\/\/agora.xtec.cat\/ceip-dolorsalmeda-cornella\/wp-json\/wp\/v2\/tags?post=2275"}],"curies":[{"name":"wp","href":"https:\/\/api.w.org\/{rel}","templated":true}]}}