{"id":2259,"date":"2019-11-13T13:30:01","date_gmt":"2019-11-13T12:30:01","guid":{"rendered":"https:\/\/agora.xtec.cat\/ceip-dolorsalmeda-cornella\/?p=2259"},"modified":"2019-11-13T13:32:37","modified_gmt":"2019-11-13T12:32:37","slug":"la-castanyada","status":"publish","type":"post","link":"https:\/\/agora.xtec.cat\/ceip-dolorsalmeda-cornella\/infantil\/la-castanyada\/","title":{"rendered":"La Castanyada"},"content":{"rendered":"<p>El passat\u00a0 31 d\u2019octubre els nens i nenes d\u2019infantil van celebrar la castanyada a l\u2019escola.<\/p>\n<p>P4 i P5, van anar a passar el mat\u00ed a can mercader per observar els arbres a la tardor.<\/p>\n<p>A l\u2019escola, van fer una broqueta de fruites i van rebre a la castanyera, tot obsequiant-la amb un ball.<\/p>\n<p>S\u2019ho van passar d\u2019all\u00f2 m\u00e9s b\u00e9!<\/p>\n<p><a href=\"https:\/\/photos.app.goo.gl\/784QobnVpPV1YezC9\">Fotos<\/a><\/p>\n<p>&nbsp;<\/p>\n","protected":false},"excerpt":{"rendered":"<p>El passat\u00a0 31 d\u2019octubre els nens i nenes d\u2019infantil van celebrar la castanyada a l\u2019escola.<br \/>\nP4 i P5, van anar a passar el mat\u00ed a can mercader per observar els arbres a la tardor.<br \/>\nA l\u2019escola, van fer una broqueta de fruites i van rebre a la&hellip;  <a href=\"https:\/\/agora.xtec.cat\/ceip-dolorsalmeda-cornella\/infantil\/la-castanyada\/\" title=\"Read La Castanyada\">Llegeix m\u00e9s\u00bb<\/a><\/p>\n","protected":false},"author":1,"featured_media":2262,"comment_status":"open","ping_status":"closed","sticky":false,"template":"","format":"standard","meta":{"_bbp_topic_count":0,"_bbp_reply_count":0,"_bbp_total_topic_count":0,"_bbp_total_reply_count":0,"_bbp_voice_count":0,"_bbp_anonymous_reply_count":0,"_bbp_topic_count_hidden":0,"_bbp_reply_count_hidden":0,"_bbp_forum_subforum_count":0,"footnotes":""},"categories":[3,8,9,2,4],"tags":[156],"class_list":["post-2259","post","type-post","status-publish","format-standard","has-post-thumbnail","hentry","category-i3","category-i4","category-i5","category-infantil","category-portada","tag-castanyada"],"post_mailing_queue_ids":[],"_links":{"self":[{"href":"https:\/\/agora.xtec.cat\/ceip-dolorsalmeda-cornella\/wp-json\/wp\/v2\/posts\/2259","targetHints":{"allow":["GET"]}}],"collection":[{"href":"https:\/\/agora.xtec.cat\/ceip-dolorsalmeda-cornella\/wp-json\/wp\/v2\/posts"}],"about":[{"href":"https:\/\/agora.xtec.cat\/ceip-dolorsalmeda-cornella\/wp-json\/wp\/v2\/types\/post"}],"author":[{"embeddable":true,"href":"https:\/\/agora.xtec.cat\/ceip-dolorsalmeda-cornella\/wp-json\/wp\/v2\/users\/1"}],"replies":[{"embeddable":true,"href":"https:\/\/agora.xtec.cat\/ceip-dolorsalmeda-cornella\/wp-json\/wp\/v2\/comments?post=2259"}],"version-history":[{"count":1,"href":"https:\/\/agora.xtec.cat\/ceip-dolorsalmeda-cornella\/wp-json\/wp\/v2\/posts\/2259\/revisions"}],"predecessor-version":[{"id":2266,"href":"https:\/\/agora.xtec.cat\/ceip-dolorsalmeda-cornella\/wp-json\/wp\/v2\/posts\/2259\/revisions\/2266"}],"wp:featuredmedia":[{"embeddable":true,"href":"https:\/\/agora.xtec.cat\/ceip-dolorsalmeda-cornella\/wp-json\/wp\/v2\/media\/2262"}],"wp:attachment":[{"href":"https:\/\/agora.xtec.cat\/ceip-dolorsalmeda-cornella\/wp-json\/wp\/v2\/media?parent=2259"}],"wp:term":[{"taxonomy":"category","embeddable":true,"href":"https:\/\/agora.xtec.cat\/ceip-dolorsalmeda-cornella\/wp-json\/wp\/v2\/categories?post=2259"},{"taxonomy":"post_tag","embeddable":true,"href":"https:\/\/agora.xtec.cat\/ceip-dolorsalmeda-cornella\/wp-json\/wp\/v2\/tags?post=2259"}],"curies":[{"name":"wp","href":"https:\/\/api.w.org\/{rel}","templated":true}]}}