{"id":2253,"date":"2019-11-05T16:59:42","date_gmt":"2019-11-05T15:59:42","guid":{"rendered":"https:\/\/agora.xtec.cat\/ceip-dolorsalmeda-cornella\/?p=2253"},"modified":"2019-11-05T17:03:45","modified_gmt":"2019-11-05T16:03:45","slug":"halloween-2019","status":"publish","type":"post","link":"https:\/\/agora.xtec.cat\/ceip-dolorsalmeda-cornella\/general\/halloween-2019\/","title":{"rendered":"Halloween 2019"},"content":{"rendered":"<p>Fa molts i molts anys a Esc\u00f2cia, Bretanya i Irlanda, el dia 31 d&#8217;octubre se celebrava la festivitat de Samhain, d\u00e9u dels morts. Algunes fonts indiquen que la paraula ga\u00e8lica &#8220;Samhain&#8221; literalment vol dir &#8220;final de l&#8217;estiu&#8221;. El dia que celebraven Samhain era, per tant, el dia de cap d&#8217;any.<\/p>\n<p>Es creia que aquell dia les \u00e0nimes dels morts visitaven les seves antigues cases per intentar trobar un cos on habitar, i anaven acompanyades de bruixes i esperits. Per aix\u00f2 no s&#8217;encenia cap llum a les cases, i la gent es vestia com a bruixes o dimonis per tal que les \u00e0nimes creguessin que la gent tamb\u00e9 estava morta i aix\u00ed se salvaven.<\/p>\n<p>Moltes de les tradicions de Halloween es van convertir en jocs infantils que els irlandesos van portar \u00a0als Estats Units en el S.XXI. A partir d\u2019aqu\u00ed \u00a0es va comen\u00e7ar a estendre per la resta del m\u00f3n.<\/p>\n<p>Els infants de sis\u00e8 han ballat per tots els companys i companyes de prim\u00e0ria per celebrar aquest dia.<\/p>\n<p>Aqu\u00ed us deixem un petit v\u00eddeo.<\/p>\n<p><a href=\"https:\/\/youtu.be\/V43bwgV9FfU\">V\u00cdDEO<\/a><\/p>\n<p>&nbsp;<\/p>\n","protected":false},"excerpt":{"rendered":"<p>Fa molts i molts anys a Esc\u00f2cia, Bretanya i Irlanda, el dia 31 d&#8217;octubre se celebrava la festivitat de Samhain, d\u00e9u dels morts. Algunes fonts indiquen que la paraula ga\u00e8lica &#8220;Samhain&#8221; literalment vol dir &#8220;final de l&#8217;estiu&#8221;. El dia que celebraven Samhain era, per tant,&hellip;  <a href=\"https:\/\/agora.xtec.cat\/ceip-dolorsalmeda-cornella\/general\/halloween-2019\/\" title=\"Read Halloween 2019\">Llegeix m\u00e9s\u00bb<\/a><\/p>\n","protected":false},"author":6,"featured_media":2254,"comment_status":"open","ping_status":"closed","sticky":false,"template":"","format":"standard","meta":{"_bbp_topic_count":0,"_bbp_reply_count":0,"_bbp_total_topic_count":0,"_bbp_total_reply_count":0,"_bbp_voice_count":0,"_bbp_anonymous_reply_count":0,"_bbp_topic_count_hidden":0,"_bbp_reply_count_hidden":0,"_bbp_forum_subforum_count":0,"footnotes":""},"categories":[1,4,5],"tags":[65],"class_list":["post-2253","post","type-post","status-publish","format-standard","has-post-thumbnail","hentry","category-general","category-portada","category-primaria","tag-halloween"],"post_mailing_queue_ids":[],"_links":{"self":[{"href":"https:\/\/agora.xtec.cat\/ceip-dolorsalmeda-cornella\/wp-json\/wp\/v2\/posts\/2253","targetHints":{"allow":["GET"]}}],"collection":[{"href":"https:\/\/agora.xtec.cat\/ceip-dolorsalmeda-cornella\/wp-json\/wp\/v2\/posts"}],"about":[{"href":"https:\/\/agora.xtec.cat\/ceip-dolorsalmeda-cornella\/wp-json\/wp\/v2\/types\/post"}],"author":[{"embeddable":true,"href":"https:\/\/agora.xtec.cat\/ceip-dolorsalmeda-cornella\/wp-json\/wp\/v2\/users\/6"}],"replies":[{"embeddable":true,"href":"https:\/\/agora.xtec.cat\/ceip-dolorsalmeda-cornella\/wp-json\/wp\/v2\/comments?post=2253"}],"version-history":[{"count":2,"href":"https:\/\/agora.xtec.cat\/ceip-dolorsalmeda-cornella\/wp-json\/wp\/v2\/posts\/2253\/revisions"}],"predecessor-version":[{"id":2256,"href":"https:\/\/agora.xtec.cat\/ceip-dolorsalmeda-cornella\/wp-json\/wp\/v2\/posts\/2253\/revisions\/2256"}],"wp:featuredmedia":[{"embeddable":true,"href":"https:\/\/agora.xtec.cat\/ceip-dolorsalmeda-cornella\/wp-json\/wp\/v2\/media\/2254"}],"wp:attachment":[{"href":"https:\/\/agora.xtec.cat\/ceip-dolorsalmeda-cornella\/wp-json\/wp\/v2\/media?parent=2253"}],"wp:term":[{"taxonomy":"category","embeddable":true,"href":"https:\/\/agora.xtec.cat\/ceip-dolorsalmeda-cornella\/wp-json\/wp\/v2\/categories?post=2253"},{"taxonomy":"post_tag","embeddable":true,"href":"https:\/\/agora.xtec.cat\/ceip-dolorsalmeda-cornella\/wp-json\/wp\/v2\/tags?post=2253"}],"curies":[{"name":"wp","href":"https:\/\/api.w.org\/{rel}","templated":true}]}}