{"id":2244,"date":"2019-10-30T13:29:29","date_gmt":"2019-10-30T12:29:29","guid":{"rendered":"https:\/\/agora.xtec.cat\/ceip-dolorsalmeda-cornella\/?p=2244"},"modified":"2019-10-30T13:29:29","modified_gmt":"2019-10-30T12:29:29","slug":"adaptacio-p3","status":"publish","type":"post","link":"https:\/\/agora.xtec.cat\/ceip-dolorsalmeda-cornella\/infantil\/adaptacio-p3\/","title":{"rendered":"Adaptaci\u00f3 P3"},"content":{"rendered":"<p>Poc a poc, ja van quedant enrere els dies en que els infants entraven per la porta temorosos i amb ll\u00e0grimes als ulls, tot preguntant a la mestra. \u201cQuan em vindr\u00e0 a buscar la mare o el pare?\u201d<\/p>\n<p>Els canvis sempre s\u00f3n dif\u00edcils; nova escola, noves mestres, nous companys, nous horaris&#8230;! \u00c9s per tot aix\u00f2, que al principi els hi va costar una mica adaptar-se a tanta novetat i durant les primeres setmanes els sentiments de pena els enva\u00efen en molts moments del dia. Per\u00f2 mica en mica i a mesura que han anat passant els dies, ens hem anat \u00a0trobant m\u00e9s a gust a l\u2019aula i amb els companys\/es i tot aix\u00f2 fa que gaudim d\u2019all\u00f2 m\u00e9s.<\/p>\n<p>Ara els nens i nenes ja venen molt contents i fins i tot, n\u2019hi ha que entren a l\u2019escola amb un somriure d\u2019orella a orella! Han fet nous amics i amigues, gaudeixen aprenent i descobrint cada dia coses noves, s\u2019alegren de les conquestes pr\u00f2pies aix\u00ed com de les dels dem\u00e9s i poc a poc de manera espont\u00e0nia i natural, van creant lla\u00e7os d\u2019amistat que els acompanyaran durant el transcurs de tota la seva vida.<\/p>\n<p>Aqu\u00ed us deixem unes fotos.<\/p>\n<p><a href=\"https:\/\/photos.app.goo.gl\/zDMtoerokHdW62kj8\">FOTOS\u00a0<\/a><\/p>\n","protected":false},"excerpt":{"rendered":"<p>Poc a poc, ja van quedant enrere els dies en que els infants entraven per la porta temorosos i amb ll\u00e0grimes als ulls, tot preguntant a la mestra. \u201cQuan em vindr\u00e0 a buscar la mare o el pare?\u201d<br \/>\nEls canvis sempre s\u00f3n dif\u00edcils; nova escola, noves&hellip;  <a href=\"https:\/\/agora.xtec.cat\/ceip-dolorsalmeda-cornella\/infantil\/adaptacio-p3\/\" title=\"Read Adaptaci\u00f3 P3\">Llegeix m\u00e9s\u00bb<\/a><\/p>\n","protected":false},"author":6,"featured_media":2245,"comment_status":"open","ping_status":"closed","sticky":false,"template":"","format":"standard","meta":{"_bbp_topic_count":0,"_bbp_reply_count":0,"_bbp_total_topic_count":0,"_bbp_total_reply_count":0,"_bbp_voice_count":0,"_bbp_anonymous_reply_count":0,"_bbp_topic_count_hidden":0,"_bbp_reply_count_hidden":0,"_bbp_forum_subforum_count":0,"footnotes":""},"categories":[3,2,4],"tags":[213],"class_list":["post-2244","post","type-post","status-publish","format-standard","has-post-thumbnail","hentry","category-i3","category-infantil","category-portada","tag-adaptacio"],"post_mailing_queue_ids":[],"_links":{"self":[{"href":"https:\/\/agora.xtec.cat\/ceip-dolorsalmeda-cornella\/wp-json\/wp\/v2\/posts\/2244","targetHints":{"allow":["GET"]}}],"collection":[{"href":"https:\/\/agora.xtec.cat\/ceip-dolorsalmeda-cornella\/wp-json\/wp\/v2\/posts"}],"about":[{"href":"https:\/\/agora.xtec.cat\/ceip-dolorsalmeda-cornella\/wp-json\/wp\/v2\/types\/post"}],"author":[{"embeddable":true,"href":"https:\/\/agora.xtec.cat\/ceip-dolorsalmeda-cornella\/wp-json\/wp\/v2\/users\/6"}],"replies":[{"embeddable":true,"href":"https:\/\/agora.xtec.cat\/ceip-dolorsalmeda-cornella\/wp-json\/wp\/v2\/comments?post=2244"}],"version-history":[{"count":1,"href":"https:\/\/agora.xtec.cat\/ceip-dolorsalmeda-cornella\/wp-json\/wp\/v2\/posts\/2244\/revisions"}],"predecessor-version":[{"id":2246,"href":"https:\/\/agora.xtec.cat\/ceip-dolorsalmeda-cornella\/wp-json\/wp\/v2\/posts\/2244\/revisions\/2246"}],"wp:featuredmedia":[{"embeddable":true,"href":"https:\/\/agora.xtec.cat\/ceip-dolorsalmeda-cornella\/wp-json\/wp\/v2\/media\/2245"}],"wp:attachment":[{"href":"https:\/\/agora.xtec.cat\/ceip-dolorsalmeda-cornella\/wp-json\/wp\/v2\/media?parent=2244"}],"wp:term":[{"taxonomy":"category","embeddable":true,"href":"https:\/\/agora.xtec.cat\/ceip-dolorsalmeda-cornella\/wp-json\/wp\/v2\/categories?post=2244"},{"taxonomy":"post_tag","embeddable":true,"href":"https:\/\/agora.xtec.cat\/ceip-dolorsalmeda-cornella\/wp-json\/wp\/v2\/tags?post=2244"}],"curies":[{"name":"wp","href":"https:\/\/api.w.org\/{rel}","templated":true}]}}