{"id":2234,"date":"2019-10-16T12:56:07","date_gmt":"2019-10-16T10:56:07","guid":{"rendered":"https:\/\/agora.xtec.cat\/ceip-dolorsalmeda-cornella\/?p=2234"},"modified":"2019-10-16T12:58:45","modified_gmt":"2019-10-16T10:58:45","slug":"cim-daligues-2","status":"publish","type":"post","link":"https:\/\/agora.xtec.cat\/ceip-dolorsalmeda-cornella\/general\/cim-daligues-2\/","title":{"rendered":"Cim d&#8217;\u00e0ligues"},"content":{"rendered":"<p>Els nens i nenes de tercer han anat d&#8217;excursi\u00f3 al\u00a0 cim d&#8217;\u00e0ligues per con\u00e8ixer les aus rapinyaires de prop. Han pogut aprendre les seves caracter\u00edstiques i peculiaritats amb l&#8217;ajuda de les persones expertes en aquest camp i gaudir de l&#8217;entorn natural que els envolta.<\/p>\n<p>La visita ha finalitzat al parc de Can Rius on han dinat i han gaudit d&#8217;una bona estona de joc.<\/p>\n<p><a href=\"https:\/\/photos.app.goo.gl\/6oRTj88yoH9phu8W7\">FOTOS<\/a><\/p>\n","protected":false},"excerpt":{"rendered":"<p>Els nens i nenes de tercer han anat d&#8217;excursi\u00f3 al\u00a0 cim d&#8217;\u00e0ligues per con\u00e8ixer les aus rapinyaires de prop. Han pogut aprendre les seves caracter\u00edstiques i peculiaritats amb l&#8217;ajuda de les persones expertes en aquest camp i gaudir de l&#8217;entorn natural que els envolta.<br \/>\nLa visita&hellip;  <a href=\"https:\/\/agora.xtec.cat\/ceip-dolorsalmeda-cornella\/general\/cim-daligues-2\/\" title=\"Read Cim d&#8217;\u00e0ligues\">Llegeix m\u00e9s\u00bb<\/a><\/p>\n","protected":false},"author":6,"featured_media":2236,"comment_status":"open","ping_status":"closed","sticky":false,"template":"","format":"standard","meta":{"_bbp_topic_count":0,"_bbp_reply_count":0,"_bbp_total_topic_count":0,"_bbp_total_reply_count":0,"_bbp_voice_count":0,"_bbp_anonymous_reply_count":0,"_bbp_topic_count_hidden":0,"_bbp_reply_count_hidden":0,"_bbp_forum_subforum_count":0,"footnotes":""},"categories":[12,1,4,5],"tags":[113],"class_list":["post-2234","post","type-post","status-publish","format-standard","has-post-thumbnail","hentry","category-3r","category-general","category-portada","category-primaria","tag-sortida"],"post_mailing_queue_ids":[],"_links":{"self":[{"href":"https:\/\/agora.xtec.cat\/ceip-dolorsalmeda-cornella\/wp-json\/wp\/v2\/posts\/2234","targetHints":{"allow":["GET"]}}],"collection":[{"href":"https:\/\/agora.xtec.cat\/ceip-dolorsalmeda-cornella\/wp-json\/wp\/v2\/posts"}],"about":[{"href":"https:\/\/agora.xtec.cat\/ceip-dolorsalmeda-cornella\/wp-json\/wp\/v2\/types\/post"}],"author":[{"embeddable":true,"href":"https:\/\/agora.xtec.cat\/ceip-dolorsalmeda-cornella\/wp-json\/wp\/v2\/users\/6"}],"replies":[{"embeddable":true,"href":"https:\/\/agora.xtec.cat\/ceip-dolorsalmeda-cornella\/wp-json\/wp\/v2\/comments?post=2234"}],"version-history":[{"count":3,"href":"https:\/\/agora.xtec.cat\/ceip-dolorsalmeda-cornella\/wp-json\/wp\/v2\/posts\/2234\/revisions"}],"predecessor-version":[{"id":2238,"href":"https:\/\/agora.xtec.cat\/ceip-dolorsalmeda-cornella\/wp-json\/wp\/v2\/posts\/2234\/revisions\/2238"}],"wp:featuredmedia":[{"embeddable":true,"href":"https:\/\/agora.xtec.cat\/ceip-dolorsalmeda-cornella\/wp-json\/wp\/v2\/media\/2236"}],"wp:attachment":[{"href":"https:\/\/agora.xtec.cat\/ceip-dolorsalmeda-cornella\/wp-json\/wp\/v2\/media?parent=2234"}],"wp:term":[{"taxonomy":"category","embeddable":true,"href":"https:\/\/agora.xtec.cat\/ceip-dolorsalmeda-cornella\/wp-json\/wp\/v2\/categories?post=2234"},{"taxonomy":"post_tag","embeddable":true,"href":"https:\/\/agora.xtec.cat\/ceip-dolorsalmeda-cornella\/wp-json\/wp\/v2\/tags?post=2234"}],"curies":[{"name":"wp","href":"https:\/\/api.w.org\/{rel}","templated":true}]}}