{"id":2229,"date":"2019-10-30T13:16:59","date_gmt":"2019-10-30T12:16:59","guid":{"rendered":"http:\/\/agora.xtec.cat\/ceip-dolorsalmeda-cornella\/?p=2229"},"modified":"2019-10-30T13:20:19","modified_gmt":"2019-10-30T12:20:19","slug":"sortida-a-les-mines-de-gava","status":"publish","type":"post","link":"https:\/\/agora.xtec.cat\/ceip-dolorsalmeda-cornella\/portada\/sortida-a-les-mines-de-gava\/","title":{"rendered":"Sortida a les mines de Gav\u00e0"},"content":{"rendered":"<p>El passat 3 d&#8217;octubre els nens i nenes de cinqu\u00e8 i sis\u00e8 van anar d&#8217;excursi\u00f3 a les mines neol\u00edtiques de Gav\u00e0. Es van convertir<span style=\"font-family: 'Arial','sans-serif'; color: #444444;\"> en arque\u00f2legs per un dia i van tenir l\u2019oportunitat de posar-se a la pell de les persones que van viure durant la prehist\u00f2ria de fa m\u00e9s de 6000 anys i aix\u00ed entendre una mica millor l\u2019evoluci\u00f3 de l\u2019esp\u00e8cie humana.<\/span><\/p>\n<p style=\"background: white; box-sizing: border-box; text-rendering: optimizelegibility; font-variant-ligatures: normal; font-variant-caps: normal; orphans: 2; text-align: start; widows: 2; -webkit-text-stroke-width: 0px; text-decoration-style: initial; text-decoration-color: initial; word-spacing: 0px; margin: 0cm 0cm 15.0pt 0cm;\"><span style=\"font-family: 'Arial','sans-serif'; color: #444444;\">Amb aquesta visita han pogut consolidar els continguts treballats a classe i fer-se uns grans experts en la mat\u00e8ria.<\/span><\/p>\n<p><a href=\"https:\/\/photos.app.goo.gl\/QSR8TZr2ju5uuBkP6\">FOTOS<\/a><\/p>\n","protected":false},"excerpt":{"rendered":"<p>El passat 3 d&#8217;octubre els nens i nenes de cinqu\u00e8 i sis\u00e8 van anar d&#8217;excursi\u00f3 a les mines neol\u00edtiques de Gav\u00e0. Es van convertir en arque\u00f2legs per un dia i van tenir l\u2019oportunitat de posar-se a la pell de les persones que van viure durant&hellip;  <a href=\"https:\/\/agora.xtec.cat\/ceip-dolorsalmeda-cornella\/portada\/sortida-a-les-mines-de-gava\/\" title=\"Read Sortida a les mines de Gav\u00e0\">Llegeix m\u00e9s\u00bb<\/a><\/p>\n","protected":false},"author":1,"featured_media":2231,"comment_status":"open","ping_status":"closed","sticky":false,"template":"","format":"standard","meta":{"_bbp_topic_count":0,"_bbp_reply_count":0,"_bbp_total_topic_count":0,"_bbp_total_reply_count":0,"_bbp_voice_count":0,"_bbp_anonymous_reply_count":0,"_bbp_topic_count_hidden":0,"_bbp_reply_count_hidden":0,"_bbp_forum_subforum_count":0,"footnotes":""},"categories":[14,15,4],"tags":[16],"class_list":["post-2229","post","type-post","status-publish","format-standard","has-post-thumbnail","hentry","category-5e","category-6e","category-portada","tag-sortides"],"post_mailing_queue_ids":[],"_links":{"self":[{"href":"https:\/\/agora.xtec.cat\/ceip-dolorsalmeda-cornella\/wp-json\/wp\/v2\/posts\/2229","targetHints":{"allow":["GET"]}}],"collection":[{"href":"https:\/\/agora.xtec.cat\/ceip-dolorsalmeda-cornella\/wp-json\/wp\/v2\/posts"}],"about":[{"href":"https:\/\/agora.xtec.cat\/ceip-dolorsalmeda-cornella\/wp-json\/wp\/v2\/types\/post"}],"author":[{"embeddable":true,"href":"https:\/\/agora.xtec.cat\/ceip-dolorsalmeda-cornella\/wp-json\/wp\/v2\/users\/1"}],"replies":[{"embeddable":true,"href":"https:\/\/agora.xtec.cat\/ceip-dolorsalmeda-cornella\/wp-json\/wp\/v2\/comments?post=2229"}],"version-history":[{"count":2,"href":"https:\/\/agora.xtec.cat\/ceip-dolorsalmeda-cornella\/wp-json\/wp\/v2\/posts\/2229\/revisions"}],"predecessor-version":[{"id":2243,"href":"https:\/\/agora.xtec.cat\/ceip-dolorsalmeda-cornella\/wp-json\/wp\/v2\/posts\/2229\/revisions\/2243"}],"wp:featuredmedia":[{"embeddable":true,"href":"https:\/\/agora.xtec.cat\/ceip-dolorsalmeda-cornella\/wp-json\/wp\/v2\/media\/2231"}],"wp:attachment":[{"href":"https:\/\/agora.xtec.cat\/ceip-dolorsalmeda-cornella\/wp-json\/wp\/v2\/media?parent=2229"}],"wp:term":[{"taxonomy":"category","embeddable":true,"href":"https:\/\/agora.xtec.cat\/ceip-dolorsalmeda-cornella\/wp-json\/wp\/v2\/categories?post=2229"},{"taxonomy":"post_tag","embeddable":true,"href":"https:\/\/agora.xtec.cat\/ceip-dolorsalmeda-cornella\/wp-json\/wp\/v2\/tags?post=2229"}],"curies":[{"name":"wp","href":"https:\/\/api.w.org\/{rel}","templated":true}]}}