{"id":2226,"date":"2019-10-18T11:45:24","date_gmt":"2019-10-18T09:45:24","guid":{"rendered":"http:\/\/agora.xtec.cat\/ceip-dolorsalmeda-cornella\/?p=2226"},"modified":"2019-10-18T11:47:13","modified_gmt":"2019-10-18T09:47:13","slug":"sortida-a-la-verema","status":"publish","type":"post","link":"https:\/\/agora.xtec.cat\/ceip-dolorsalmeda-cornella\/portada\/sortida-a-la-verema\/","title":{"rendered":"Sortida a la verema"},"content":{"rendered":"<p>El passat divendres 27 de setembre els grups de segon van visitar Can Ribas (Bigues i Riells) per con\u00e8ixer el proc\u00e9s d&#8217;elaboraci\u00f3 del vi. Van visitar la vinya on van aprendre les parts de la planta; el celler on van poder olorar les diferents varietats de vi i tamb\u00e9 el vinagre i, el que m\u00e9s els va agradar, trepitjar el ra\u00efm i tastar-lo. Aquesta sortida ens ha perm\u00e8s con\u00e8ixer les professions relacionades amb el vi per introduir la llibreta dels oficis que treballarem aquest any a l&#8217;aula.<\/p>\n<p><a href=\"https:\/\/photos.app.goo.gl\/FaRbzSwiAZ5zot687\">Fotos\u00a0<\/a><\/p>\n","protected":false},"excerpt":{"rendered":"<p>El passat divendres 27 de setembre els grups de segon van visitar Can Ribas (Bigues i Riells) per con\u00e8ixer el proc\u00e9s d&#8217;elaboraci\u00f3 del vi. Van visitar la vinya on van aprendre les parts de la planta; el celler on van poder olorar les diferents varietats&hellip;  <a href=\"https:\/\/agora.xtec.cat\/ceip-dolorsalmeda-cornella\/portada\/sortida-a-la-verema\/\" title=\"Read Sortida a la verema\">Llegeix m\u00e9s\u00bb<\/a><\/p>\n","protected":false},"author":6,"featured_media":2241,"comment_status":"open","ping_status":"closed","sticky":false,"template":"","format":"standard","meta":{"_bbp_topic_count":0,"_bbp_reply_count":0,"_bbp_total_topic_count":0,"_bbp_total_reply_count":0,"_bbp_voice_count":0,"_bbp_anonymous_reply_count":0,"_bbp_topic_count_hidden":0,"_bbp_reply_count_hidden":0,"_bbp_forum_subforum_count":0,"footnotes":""},"categories":[11,4,5],"tags":[113],"class_list":["post-2226","post","type-post","status-publish","format-standard","has-post-thumbnail","hentry","category-2n","category-portada","category-primaria","tag-sortida"],"post_mailing_queue_ids":[],"_links":{"self":[{"href":"https:\/\/agora.xtec.cat\/ceip-dolorsalmeda-cornella\/wp-json\/wp\/v2\/posts\/2226","targetHints":{"allow":["GET"]}}],"collection":[{"href":"https:\/\/agora.xtec.cat\/ceip-dolorsalmeda-cornella\/wp-json\/wp\/v2\/posts"}],"about":[{"href":"https:\/\/agora.xtec.cat\/ceip-dolorsalmeda-cornella\/wp-json\/wp\/v2\/types\/post"}],"author":[{"embeddable":true,"href":"https:\/\/agora.xtec.cat\/ceip-dolorsalmeda-cornella\/wp-json\/wp\/v2\/users\/6"}],"replies":[{"embeddable":true,"href":"https:\/\/agora.xtec.cat\/ceip-dolorsalmeda-cornella\/wp-json\/wp\/v2\/comments?post=2226"}],"version-history":[{"count":3,"href":"https:\/\/agora.xtec.cat\/ceip-dolorsalmeda-cornella\/wp-json\/wp\/v2\/posts\/2226\/revisions"}],"predecessor-version":[{"id":2242,"href":"https:\/\/agora.xtec.cat\/ceip-dolorsalmeda-cornella\/wp-json\/wp\/v2\/posts\/2226\/revisions\/2242"}],"wp:featuredmedia":[{"embeddable":true,"href":"https:\/\/agora.xtec.cat\/ceip-dolorsalmeda-cornella\/wp-json\/wp\/v2\/media\/2241"}],"wp:attachment":[{"href":"https:\/\/agora.xtec.cat\/ceip-dolorsalmeda-cornella\/wp-json\/wp\/v2\/media?parent=2226"}],"wp:term":[{"taxonomy":"category","embeddable":true,"href":"https:\/\/agora.xtec.cat\/ceip-dolorsalmeda-cornella\/wp-json\/wp\/v2\/categories?post=2226"},{"taxonomy":"post_tag","embeddable":true,"href":"https:\/\/agora.xtec.cat\/ceip-dolorsalmeda-cornella\/wp-json\/wp\/v2\/tags?post=2226"}],"curies":[{"name":"wp","href":"https:\/\/api.w.org\/{rel}","templated":true}]}}