{"id":2221,"date":"2019-10-02T10:36:07","date_gmt":"2019-10-02T08:36:07","guid":{"rendered":"http:\/\/agora.xtec.cat\/ceip-dolorsalmeda-cornella\/?p=2221"},"modified":"2019-10-02T10:37:19","modified_gmt":"2019-10-02T08:37:19","slug":"inauguracio-del-cami-escolar","status":"publish","type":"post","link":"https:\/\/agora.xtec.cat\/ceip-dolorsalmeda-cornella\/general\/inauguracio-del-cami-escolar\/","title":{"rendered":"Inauguraci\u00f3 del Cam\u00ed Escolar d&#8217;Almeda"},"content":{"rendered":"<p>Avui dia 2 d&#8217;octubre, els nens i nenes de 4t, 5\u00e8 i 6\u00e8 han participat en la inauguraci\u00f3 del Cam\u00ed Escolar del barri.<\/p>\n<p>Els camins escolars s\u00f3n una xarxa d&#8217;itineraris segurs i saludables que faciliten que ens puguem despla\u00e7ar a peu o en bicicleta als centres educatius, impulsada per l&#8217;Ajuntament de Cornell\u00e0. Es pret\u00e9n fomentar la mobilitat activa i sostenible aix\u00ed com potenciar l&#8217;autonomia, la confian\u00e7a i la responsabilitat dels infants.<\/p>\n<p>En pocs dies els itineraris els veurem senyalitzats a terra.<\/p>\n<p><a href=\"https:\/\/photos.app.goo.gl\/ppFko9xWXyTHK4Dt6\">FOTOS<\/a><\/p>\n","protected":false},"excerpt":{"rendered":"<p>Avui dia 2 d&#8217;octubre, els nens i nenes de 4t, 5\u00e8 i 6\u00e8 han participat en la inauguraci\u00f3 del Cam\u00ed Escolar del barri.<br \/>\nEls camins escolars s\u00f3n una xarxa d&#8217;itineraris segurs i saludables que faciliten que ens puguem despla\u00e7ar a peu o en bicicleta als centres&hellip;  <a href=\"https:\/\/agora.xtec.cat\/ceip-dolorsalmeda-cornella\/general\/inauguracio-del-cami-escolar\/\" title=\"Read Inauguraci\u00f3 del Cam\u00ed Escolar d&#8217;Almeda\">Llegeix m\u00e9s\u00bb<\/a><\/p>\n","protected":false},"author":1,"featured_media":2222,"comment_status":"open","ping_status":"closed","sticky":false,"template":"","format":"standard","meta":{"_bbp_topic_count":0,"_bbp_reply_count":0,"_bbp_total_topic_count":0,"_bbp_total_reply_count":0,"_bbp_voice_count":0,"_bbp_anonymous_reply_count":0,"_bbp_topic_count_hidden":0,"_bbp_reply_count_hidden":0,"_bbp_forum_subforum_count":0,"footnotes":""},"categories":[13,14,15,1,4],"tags":[],"class_list":["post-2221","post","type-post","status-publish","format-standard","has-post-thumbnail","hentry","category-4t","category-5e","category-6e","category-general","category-portada"],"post_mailing_queue_ids":[],"_links":{"self":[{"href":"https:\/\/agora.xtec.cat\/ceip-dolorsalmeda-cornella\/wp-json\/wp\/v2\/posts\/2221","targetHints":{"allow":["GET"]}}],"collection":[{"href":"https:\/\/agora.xtec.cat\/ceip-dolorsalmeda-cornella\/wp-json\/wp\/v2\/posts"}],"about":[{"href":"https:\/\/agora.xtec.cat\/ceip-dolorsalmeda-cornella\/wp-json\/wp\/v2\/types\/post"}],"author":[{"embeddable":true,"href":"https:\/\/agora.xtec.cat\/ceip-dolorsalmeda-cornella\/wp-json\/wp\/v2\/users\/1"}],"replies":[{"embeddable":true,"href":"https:\/\/agora.xtec.cat\/ceip-dolorsalmeda-cornella\/wp-json\/wp\/v2\/comments?post=2221"}],"version-history":[{"count":2,"href":"https:\/\/agora.xtec.cat\/ceip-dolorsalmeda-cornella\/wp-json\/wp\/v2\/posts\/2221\/revisions"}],"predecessor-version":[{"id":2224,"href":"https:\/\/agora.xtec.cat\/ceip-dolorsalmeda-cornella\/wp-json\/wp\/v2\/posts\/2221\/revisions\/2224"}],"wp:featuredmedia":[{"embeddable":true,"href":"https:\/\/agora.xtec.cat\/ceip-dolorsalmeda-cornella\/wp-json\/wp\/v2\/media\/2222"}],"wp:attachment":[{"href":"https:\/\/agora.xtec.cat\/ceip-dolorsalmeda-cornella\/wp-json\/wp\/v2\/media?parent=2221"}],"wp:term":[{"taxonomy":"category","embeddable":true,"href":"https:\/\/agora.xtec.cat\/ceip-dolorsalmeda-cornella\/wp-json\/wp\/v2\/categories?post=2221"},{"taxonomy":"post_tag","embeddable":true,"href":"https:\/\/agora.xtec.cat\/ceip-dolorsalmeda-cornella\/wp-json\/wp\/v2\/tags?post=2221"}],"curies":[{"name":"wp","href":"https:\/\/api.w.org\/{rel}","templated":true}]}}