{"id":2171,"date":"2019-06-20T17:38:15","date_gmt":"2019-06-20T15:38:15","guid":{"rendered":"http:\/\/agora.xtec.cat\/ceip-dolorsalmeda-cornella\/?p=2171"},"modified":"2019-06-20T17:38:15","modified_gmt":"2019-06-20T15:38:15","slug":"gimcana-matematica-2","status":"publish","type":"post","link":"https:\/\/agora.xtec.cat\/ceip-dolorsalmeda-cornella\/general\/gimcana-matematica-2\/","title":{"rendered":"Gimcana matem\u00e0tica"},"content":{"rendered":"<p>L&#8217;escola Dolors Almeda aposta per\u00a0 l&#8217;ensenyament- aprenentage de les matem\u00e0tiques d&#8217;una forma competencial, motivadora i significativa. Per aix\u00f2, una vegada m\u00e9s hem volgut gaudir de la nostra ja tradicional\u00a0 gimcana matem\u00e0tica, on els alumnes de cinqu\u00e8 han preparat\u00a0 tot un seguit d&#8217;activitats pels alumnes de cicle inicial i mitj\u00e0.<\/p>\n<p>Pels m\u00e9s petits de l&#8217;escola han estat els nens i nenes de sis\u00e8 que per un dia tamb\u00e9 s&#8217;han convertit en aut\u00e8ntics mestres matem\u00e0tics!<\/p>\n<p>Tots els infants de l&#8217;escola han gaudit d&#8217;una jornada especial on les activitats matem\u00e0tiques han sigut les protagonistes!<\/p>\n<p><a href=\"https:\/\/photos.app.goo.gl\/ut8WvvfcpXJYFV1q6\">FOTOS\u00a0<\/a><\/p>\n","protected":false},"excerpt":{"rendered":"<p>L&#8217;escola Dolors Almeda aposta per\u00a0 l&#8217;ensenyament- aprenentage de les matem\u00e0tiques d&#8217;una forma competencial, motivadora i significativa. Per aix\u00f2, una vegada m\u00e9s hem volgut gaudir de la nostra ja tradicional\u00a0 gimcana matem\u00e0tica, on els alumnes de cinqu\u00e8 han preparat\u00a0 tot un seguit d&#8217;activitats pels alumnes de&hellip;  <a href=\"https:\/\/agora.xtec.cat\/ceip-dolorsalmeda-cornella\/general\/gimcana-matematica-2\/\" title=\"Read Gimcana matem\u00e0tica\">Llegeix m\u00e9s\u00bb<\/a><\/p>\n","protected":false},"author":6,"featured_media":2172,"comment_status":"open","ping_status":"closed","sticky":false,"template":"","format":"standard","meta":{"_bbp_topic_count":0,"_bbp_reply_count":0,"_bbp_total_topic_count":0,"_bbp_total_reply_count":0,"_bbp_voice_count":0,"_bbp_anonymous_reply_count":0,"_bbp_topic_count_hidden":0,"_bbp_reply_count_hidden":0,"_bbp_forum_subforum_count":0,"footnotes":""},"categories":[10,11,12,13,14,15,1,3,8,9,2,4,5],"tags":[138],"class_list":["post-2171","post","type-post","status-publish","format-standard","has-post-thumbnail","hentry","category-1r","category-2n","category-3r","category-4t","category-5e","category-6e","category-general","category-i3","category-i4","category-i5","category-infantil","category-portada","category-primaria","tag-gimcana-matematica"],"post_mailing_queue_ids":[],"_links":{"self":[{"href":"https:\/\/agora.xtec.cat\/ceip-dolorsalmeda-cornella\/wp-json\/wp\/v2\/posts\/2171","targetHints":{"allow":["GET"]}}],"collection":[{"href":"https:\/\/agora.xtec.cat\/ceip-dolorsalmeda-cornella\/wp-json\/wp\/v2\/posts"}],"about":[{"href":"https:\/\/agora.xtec.cat\/ceip-dolorsalmeda-cornella\/wp-json\/wp\/v2\/types\/post"}],"author":[{"embeddable":true,"href":"https:\/\/agora.xtec.cat\/ceip-dolorsalmeda-cornella\/wp-json\/wp\/v2\/users\/6"}],"replies":[{"embeddable":true,"href":"https:\/\/agora.xtec.cat\/ceip-dolorsalmeda-cornella\/wp-json\/wp\/v2\/comments?post=2171"}],"version-history":[{"count":1,"href":"https:\/\/agora.xtec.cat\/ceip-dolorsalmeda-cornella\/wp-json\/wp\/v2\/posts\/2171\/revisions"}],"predecessor-version":[{"id":2173,"href":"https:\/\/agora.xtec.cat\/ceip-dolorsalmeda-cornella\/wp-json\/wp\/v2\/posts\/2171\/revisions\/2173"}],"wp:featuredmedia":[{"embeddable":true,"href":"https:\/\/agora.xtec.cat\/ceip-dolorsalmeda-cornella\/wp-json\/wp\/v2\/media\/2172"}],"wp:attachment":[{"href":"https:\/\/agora.xtec.cat\/ceip-dolorsalmeda-cornella\/wp-json\/wp\/v2\/media?parent=2171"}],"wp:term":[{"taxonomy":"category","embeddable":true,"href":"https:\/\/agora.xtec.cat\/ceip-dolorsalmeda-cornella\/wp-json\/wp\/v2\/categories?post=2171"},{"taxonomy":"post_tag","embeddable":true,"href":"https:\/\/agora.xtec.cat\/ceip-dolorsalmeda-cornella\/wp-json\/wp\/v2\/tags?post=2171"}],"curies":[{"name":"wp","href":"https:\/\/api.w.org\/{rel}","templated":true}]}}