{"id":2168,"date":"2019-06-20T17:19:33","date_gmt":"2019-06-20T15:19:33","guid":{"rendered":"http:\/\/agora.xtec.cat\/ceip-dolorsalmeda-cornella\/?p=2168"},"modified":"2019-06-20T17:19:33","modified_gmt":"2019-06-20T15:19:33","slug":"port-aventura","status":"publish","type":"post","link":"https:\/\/agora.xtec.cat\/ceip-dolorsalmeda-cornella\/general\/port-aventura\/","title":{"rendered":"Port Aventura"},"content":{"rendered":"<p>Com \u00e9s tradici\u00f3 a la nostra escola, els alumnes de sis\u00e8 disfruten la seva \u00faltima excursi\u00f3 junts\u00a0 a Port Aventura.<\/p>\n<p>Han gaudit d&#8217;un gran dia pujant a diferents atraccions i han passat moments molt emocionants i divertits tots junts.<\/p>\n<p>Aqu\u00ed us deixem una petita mostra de fotografies.<\/p>\n<p><a href=\"https:\/\/photos.app.goo.gl\/EoXn47GAvRX2qimE6\">FOTOS<\/a><\/p>\n","protected":false},"excerpt":{"rendered":"<p>Com \u00e9s tradici\u00f3 a la nostra escola, els alumnes de sis\u00e8 disfruten la seva \u00faltima excursi\u00f3 junts\u00a0 a Port Aventura.<br \/>\nHan gaudit d&#8217;un gran dia pujant a diferents atraccions i han passat moments molt emocionants i divertits tots junts.<br \/>\nAqu\u00ed us deixem una petita mostra de fotografies.<br \/>\n<a&hellip;  <a href=\"https:\/\/agora.xtec.cat\/ceip-dolorsalmeda-cornella\/general\/port-aventura\/\" title=\"Read Port Aventura\">Llegeix m\u00e9s\u00bb<\/a><\/p>\n","protected":false},"author":6,"featured_media":2169,"comment_status":"open","ping_status":"closed","sticky":false,"template":"","format":"standard","meta":{"_bbp_topic_count":0,"_bbp_reply_count":0,"_bbp_total_topic_count":0,"_bbp_total_reply_count":0,"_bbp_voice_count":0,"_bbp_anonymous_reply_count":0,"_bbp_topic_count_hidden":0,"_bbp_reply_count_hidden":0,"_bbp_forum_subforum_count":0,"footnotes":""},"categories":[15,1,4,5],"tags":[118,113],"class_list":["post-2168","post","type-post","status-publish","format-standard","has-post-thumbnail","hentry","category-6e","category-general","category-portada","category-primaria","tag-6e","tag-sortida"],"post_mailing_queue_ids":[],"_links":{"self":[{"href":"https:\/\/agora.xtec.cat\/ceip-dolorsalmeda-cornella\/wp-json\/wp\/v2\/posts\/2168","targetHints":{"allow":["GET"]}}],"collection":[{"href":"https:\/\/agora.xtec.cat\/ceip-dolorsalmeda-cornella\/wp-json\/wp\/v2\/posts"}],"about":[{"href":"https:\/\/agora.xtec.cat\/ceip-dolorsalmeda-cornella\/wp-json\/wp\/v2\/types\/post"}],"author":[{"embeddable":true,"href":"https:\/\/agora.xtec.cat\/ceip-dolorsalmeda-cornella\/wp-json\/wp\/v2\/users\/6"}],"replies":[{"embeddable":true,"href":"https:\/\/agora.xtec.cat\/ceip-dolorsalmeda-cornella\/wp-json\/wp\/v2\/comments?post=2168"}],"version-history":[{"count":1,"href":"https:\/\/agora.xtec.cat\/ceip-dolorsalmeda-cornella\/wp-json\/wp\/v2\/posts\/2168\/revisions"}],"predecessor-version":[{"id":2170,"href":"https:\/\/agora.xtec.cat\/ceip-dolorsalmeda-cornella\/wp-json\/wp\/v2\/posts\/2168\/revisions\/2170"}],"wp:featuredmedia":[{"embeddable":true,"href":"https:\/\/agora.xtec.cat\/ceip-dolorsalmeda-cornella\/wp-json\/wp\/v2\/media\/2169"}],"wp:attachment":[{"href":"https:\/\/agora.xtec.cat\/ceip-dolorsalmeda-cornella\/wp-json\/wp\/v2\/media?parent=2168"}],"wp:term":[{"taxonomy":"category","embeddable":true,"href":"https:\/\/agora.xtec.cat\/ceip-dolorsalmeda-cornella\/wp-json\/wp\/v2\/categories?post=2168"},{"taxonomy":"post_tag","embeddable":true,"href":"https:\/\/agora.xtec.cat\/ceip-dolorsalmeda-cornella\/wp-json\/wp\/v2\/tags?post=2168"}],"curies":[{"name":"wp","href":"https:\/\/api.w.org\/{rel}","templated":true}]}}