{"id":2156,"date":"2019-06-05T13:14:53","date_gmt":"2019-06-05T11:14:53","guid":{"rendered":"http:\/\/agora.xtec.cat\/ceip-dolorsalmeda-cornella\/?p=2156"},"modified":"2019-06-05T13:14:53","modified_gmt":"2019-06-05T11:14:53","slug":"aus-migratories","status":"publish","type":"post","link":"https:\/\/agora.xtec.cat\/ceip-dolorsalmeda-cornella\/general\/aus-migratories\/","title":{"rendered":"Aus migrat\u00f2ries"},"content":{"rendered":"<p><a href=\"https:\/\/agora.xtec.cat\/ceip-dolorsalmeda-cornella\/wp-content\/uploads\/usu30\/2019\/06\/AUS-MIGRATORIES-1RA22-e1559732796778.jpg\"><img loading=\"lazy\" decoding=\"async\" class=\"wp-image-2157 aligncenter\" src=\"https:\/\/agora.xtec.cat\/ceip-dolorsalmeda-cornella\/wp-content\/uploads\/usu30\/2019\/06\/AUS-MIGRATORIES-1RA22-1024x768.jpg\" alt=\"\" width=\"331\" height=\"248\" \/><\/a><\/p>\n<p style=\"text-align: justify;\">El passat dilluns 27 de maig, els alumnes de cicle inicial van rebre la visita del Ferran per fer el taller d&#8217;Aus migrat\u00f2ries, en les propostes educatives del Cicle de Refugiats. El taller ens parla d&#8217;hist\u00f2ries de nenes i nens migrants: la Sa\u00edda i la Elo\u00efsa. Dues nenes que han de deixar les seves cases per arribar a un lloc que els \u00e9s totalment desconegut. Un taller que sensibilitza les nenes i els nens i els fa part\u00edcips del fenomen de la migraci\u00f3 mitjan\u00e7ant la lectura d\u2019\u00e0lbums il\u2022lustrats, i una bonica presentaci\u00f3 audiovisual. En la segona part del taller, se&#8217;ls va proposar\u00a0 una atractiva activitat pl\u00e0stica amb objectes simb\u00f2lics de la natura, que van creant -en un primer moment de manera individual &#8211; com a recull de les emocions viscudes per all\u00f2 compartit en relaci\u00f3 a les migracions.\u00a0 Per finalitzar,es va convidar als infants a fer una creaci\u00f3\u00a0col\u2022lectiva capa\u00e7 de transformar la diversitat en un espai m\u00e0gic i perdurable.<\/p>\n<p><a href=\"https:\/\/photos.app.goo.gl\/YPNUWCefyK9p73Ef7\" target=\"_blank\" rel=\"noopener noreferrer\">FOTOS 1RA<\/a><\/p>\n<p><a href=\"https:\/\/photos.app.goo.gl\/knkkACiF2oAeqBQg6\" target=\"_blank\" rel=\"noopener noreferrer\">FOTOS 1RB<\/a><\/p>\n<p><a href=\"https:\/\/photos.app.goo.gl\/fpkZTAZJTXqEFaGr7\" target=\"_blank\" rel=\"noopener noreferrer\">FOTOS 2N<\/a><\/p>\n","protected":false},"excerpt":{"rendered":"<p><a href=\"https:\/\/agora.xtec.cat\/ceip-dolorsalmeda-cornella\/wp-content\/uploads\/usu30\/2019\/06\/AUS-MIGRATORIES-1RA22-e1559732796778.jpg\"><\/a><br \/>\nEl passat dilluns 27 de maig, els alumnes de cicle inicial van rebre la visita del Ferran per fer el taller d&#8217;Aus migrat\u00f2ries, en les propostes educatives del Cicle de Refugiats. El taller ens parla d&#8217;hist\u00f2ries de nenes i nens migrants: la Sa\u00edda i&hellip;  <a href=\"https:\/\/agora.xtec.cat\/ceip-dolorsalmeda-cornella\/general\/aus-migratories\/\" title=\"Read Aus migrat\u00f2ries\">Llegeix m\u00e9s\u00bb<\/a><\/p>\n","protected":false},"author":1,"featured_media":2157,"comment_status":"open","ping_status":"closed","sticky":false,"template":"","format":"standard","meta":{"_bbp_topic_count":0,"_bbp_reply_count":0,"_bbp_total_topic_count":0,"_bbp_total_reply_count":0,"_bbp_voice_count":0,"_bbp_anonymous_reply_count":0,"_bbp_topic_count_hidden":0,"_bbp_reply_count_hidden":0,"_bbp_forum_subforum_count":0,"footnotes":""},"categories":[10,11,1,4,5],"tags":[212],"class_list":["post-2156","post","type-post","status-publish","format-standard","has-post-thumbnail","hentry","category-1r","category-2n","category-general","category-portada","category-primaria","tag-valors"],"post_mailing_queue_ids":[],"_links":{"self":[{"href":"https:\/\/agora.xtec.cat\/ceip-dolorsalmeda-cornella\/wp-json\/wp\/v2\/posts\/2156","targetHints":{"allow":["GET"]}}],"collection":[{"href":"https:\/\/agora.xtec.cat\/ceip-dolorsalmeda-cornella\/wp-json\/wp\/v2\/posts"}],"about":[{"href":"https:\/\/agora.xtec.cat\/ceip-dolorsalmeda-cornella\/wp-json\/wp\/v2\/types\/post"}],"author":[{"embeddable":true,"href":"https:\/\/agora.xtec.cat\/ceip-dolorsalmeda-cornella\/wp-json\/wp\/v2\/users\/1"}],"replies":[{"embeddable":true,"href":"https:\/\/agora.xtec.cat\/ceip-dolorsalmeda-cornella\/wp-json\/wp\/v2\/comments?post=2156"}],"version-history":[{"count":1,"href":"https:\/\/agora.xtec.cat\/ceip-dolorsalmeda-cornella\/wp-json\/wp\/v2\/posts\/2156\/revisions"}],"predecessor-version":[{"id":2158,"href":"https:\/\/agora.xtec.cat\/ceip-dolorsalmeda-cornella\/wp-json\/wp\/v2\/posts\/2156\/revisions\/2158"}],"wp:featuredmedia":[{"embeddable":true,"href":"https:\/\/agora.xtec.cat\/ceip-dolorsalmeda-cornella\/wp-json\/wp\/v2\/media\/2157"}],"wp:attachment":[{"href":"https:\/\/agora.xtec.cat\/ceip-dolorsalmeda-cornella\/wp-json\/wp\/v2\/media?parent=2156"}],"wp:term":[{"taxonomy":"category","embeddable":true,"href":"https:\/\/agora.xtec.cat\/ceip-dolorsalmeda-cornella\/wp-json\/wp\/v2\/categories?post=2156"},{"taxonomy":"post_tag","embeddable":true,"href":"https:\/\/agora.xtec.cat\/ceip-dolorsalmeda-cornella\/wp-json\/wp\/v2\/tags?post=2156"}],"curies":[{"name":"wp","href":"https:\/\/api.w.org\/{rel}","templated":true}]}}