{"id":2130,"date":"2019-06-03T10:48:01","date_gmt":"2019-06-03T08:48:01","guid":{"rendered":"http:\/\/agora.xtec.cat\/ceip-dolorsalmeda-cornella\/?p=2130"},"modified":"2019-06-03T12:12:55","modified_gmt":"2019-06-03T10:12:55","slug":"les-musiques-de-lescola","status":"publish","type":"post","link":"https:\/\/agora.xtec.cat\/ceip-dolorsalmeda-cornella\/general\/les-musiques-de-lescola\/","title":{"rendered":"Les m\u00fasiques de l&#8217;escola"},"content":{"rendered":"<p style=\"text-align: left;\">Com sabeu, durant aquest curs hem substitu\u00eft el cl\u00e0ssic timbre de l\u2019escola per m\u00fasica, aix\u00ed que entrem i sortim de molt millor humor!<\/p>\n<p style=\"text-align: left;\">L\u2019\u00c0ngel cada mes ens ha triat les can\u00e7ons que han anat sonant. Ens ha servit per con\u00e8ixer i descobrir m\u00fasiques de tots els temps i estils i d\u2019aquesta manera ajudar a millorar la nostra cultura musical. Per aix\u00f2, a m\u00e9s, l\u2019\u00c0ngel penja a la porta principal els artistes i els t\u00edtols de les can\u00e7ons que sonen.<\/p>\n<p style=\"text-align: left;\">Ara tenim una novetat, hem creat una llista de reproducci\u00f3 a Spotify, i aix\u00ed qualsevol podr\u00e0 escoltar la m\u00fasica que sona a l\u2019escola. La <strong>llista<\/strong> es diu <strong>Escola Dolors Almeda<\/strong>, com no podia ser d\u2019una altra manera!!!<\/p>\n<p style=\"text-align: left;\">Us convidem a escoltar-la. Esperem que en gaudiu!<\/p>\n<p><iframe title=\"Spotify Embed: Escola Dolors Almeda 2018-19\" style=\"border-radius: 12px\" width=\"100%\" height=\"352\" frameborder=\"0\" allowfullscreen allow=\"autoplay; clipboard-write; encrypted-media; fullscreen; picture-in-picture\" loading=\"lazy\" src=\"https:\/\/open.spotify.com\/embed\/playlist\/29IcjtE6mHylHJiHzFeWQo?si=ZqPhONFMQFihvf19zV8oBg&#038;utm_source=oembed\"><\/iframe><\/p>\n","protected":false},"excerpt":{"rendered":"<p>Com sabeu, durant aquest curs hem substitu\u00eft el cl\u00e0ssic timbre de l\u2019escola per m\u00fasica, aix\u00ed que entrem i sortim de molt millor humor!<br \/>\nL\u2019\u00c0ngel cada mes ens ha triat les can\u00e7ons que han anat sonant. Ens ha servit per con\u00e8ixer i descobrir m\u00fasiques de tots els&hellip;  <a href=\"https:\/\/agora.xtec.cat\/ceip-dolorsalmeda-cornella\/general\/les-musiques-de-lescola\/\" title=\"Read Les m\u00fasiques de l&#8217;escola\">Llegeix m\u00e9s\u00bb<\/a><\/p>\n","protected":false},"author":1,"featured_media":2134,"comment_status":"open","ping_status":"closed","sticky":false,"template":"","format":"standard","meta":{"_bbp_topic_count":0,"_bbp_reply_count":0,"_bbp_total_topic_count":0,"_bbp_total_reply_count":0,"_bbp_voice_count":0,"_bbp_anonymous_reply_count":0,"_bbp_topic_count_hidden":0,"_bbp_reply_count_hidden":0,"_bbp_forum_subforum_count":0,"footnotes":""},"categories":[1,2,4,5],"tags":[67],"class_list":["post-2130","post","type-post","status-publish","format-standard","has-post-thumbnail","hentry","category-general","category-infantil","category-portada","category-primaria","tag-musica"],"post_mailing_queue_ids":[],"_links":{"self":[{"href":"https:\/\/agora.xtec.cat\/ceip-dolorsalmeda-cornella\/wp-json\/wp\/v2\/posts\/2130","targetHints":{"allow":["GET"]}}],"collection":[{"href":"https:\/\/agora.xtec.cat\/ceip-dolorsalmeda-cornella\/wp-json\/wp\/v2\/posts"}],"about":[{"href":"https:\/\/agora.xtec.cat\/ceip-dolorsalmeda-cornella\/wp-json\/wp\/v2\/types\/post"}],"author":[{"embeddable":true,"href":"https:\/\/agora.xtec.cat\/ceip-dolorsalmeda-cornella\/wp-json\/wp\/v2\/users\/1"}],"replies":[{"embeddable":true,"href":"https:\/\/agora.xtec.cat\/ceip-dolorsalmeda-cornella\/wp-json\/wp\/v2\/comments?post=2130"}],"version-history":[{"count":3,"href":"https:\/\/agora.xtec.cat\/ceip-dolorsalmeda-cornella\/wp-json\/wp\/v2\/posts\/2130\/revisions"}],"predecessor-version":[{"id":2140,"href":"https:\/\/agora.xtec.cat\/ceip-dolorsalmeda-cornella\/wp-json\/wp\/v2\/posts\/2130\/revisions\/2140"}],"wp:featuredmedia":[{"embeddable":true,"href":"https:\/\/agora.xtec.cat\/ceip-dolorsalmeda-cornella\/wp-json\/wp\/v2\/media\/2134"}],"wp:attachment":[{"href":"https:\/\/agora.xtec.cat\/ceip-dolorsalmeda-cornella\/wp-json\/wp\/v2\/media?parent=2130"}],"wp:term":[{"taxonomy":"category","embeddable":true,"href":"https:\/\/agora.xtec.cat\/ceip-dolorsalmeda-cornella\/wp-json\/wp\/v2\/categories?post=2130"},{"taxonomy":"post_tag","embeddable":true,"href":"https:\/\/agora.xtec.cat\/ceip-dolorsalmeda-cornella\/wp-json\/wp\/v2\/tags?post=2130"}],"curies":[{"name":"wp","href":"https:\/\/api.w.org\/{rel}","templated":true}]}}