{"id":2106,"date":"2019-05-29T13:26:08","date_gmt":"2019-05-29T11:26:08","guid":{"rendered":"http:\/\/agora.xtec.cat\/ceip-dolorsalmeda-cornella\/?p=2106"},"modified":"2019-05-29T13:33:58","modified_gmt":"2019-05-29T11:33:58","slug":"p3-va-a-la-granja-can-pidelaserra","status":"publish","type":"post","link":"https:\/\/agora.xtec.cat\/ceip-dolorsalmeda-cornella\/general\/p3-va-a-la-granja-can-pidelaserra\/","title":{"rendered":"P3 va a la granja Can Pidelaserra"},"content":{"rendered":"<p><a href=\"https:\/\/agora.xtec.cat\/ceip-dolorsalmeda-cornella\/wp-content\/uploads\/usu30\/2019\/05\/GRANJA-CAN-PIDELASERRA2.jpg\"><img loading=\"lazy\" decoding=\"async\" class=\"wp-image-2108 aligncenter\" src=\"https:\/\/agora.xtec.cat\/ceip-dolorsalmeda-cornella\/wp-content\/uploads\/usu30\/2019\/05\/GRANJA-CAN-PIDELASERRA2.jpg\" alt=\"\" width=\"457\" height=\"343\" srcset=\"https:\/\/agora.xtec.cat\/ceip-dolorsalmeda-cornella\/wp-content\/uploads\/usu30\/2019\/05\/GRANJA-CAN-PIDELASERRA2.jpg 640w, https:\/\/agora.xtec.cat\/ceip-dolorsalmeda-cornella\/wp-content\/uploads\/usu30\/2019\/05\/GRANJA-CAN-PIDELASERRA2-300x225.jpg 300w, https:\/\/agora.xtec.cat\/ceip-dolorsalmeda-cornella\/wp-content\/uploads\/usu30\/2019\/05\/GRANJA-CAN-PIDELASERRA2-200x150.jpg 200w\" sizes=\"auto, (max-width: 457px) 100vw, 457px\" \/><\/a><\/p>\n<p style=\"text-align: justify;\">El passat dilluns 20 de maig, els nens i nenes de\u00a0<span class=\"hiddenSpellError\">P3<\/span>\u00a0van passar tot el dia a la granja Can Pidelaserra. All\u00e0 van poder gaudir d&#8217;un dia diferent, envoltats d&#8217;animals i plantes arom\u00e0tiques. Van con\u00e8ixer a la Pepa, una ruca molt\u00a0tranquil\u00b7la\u00a0que els va fer un passeig en carro; al George, un porquet molt simp\u00e0tic que menjava bledes; a la Vela, una vaca enorme amb una llengua molt llarga; i d&#8217;altres animals propis de la granja com les oques, els conills, els galls i les gallines, les ovelles i les cabres. A m\u00e9s, no nom\u00e9s van poder tocar i donar menjar als animals, sin\u00f3 que els infants van poder fer la seva pr\u00f2pia col\u00f2nia a partir de plantes arom\u00e0tiques que van descobrir i olorar de l&#8217;hort, com la farigola, el roman\u00ed, l&#8217;esp\u00edgol, la menta&#8230;<br \/>\nVa ser un dia molt emocionant i divertit!<\/p>\n<p><a href=\"https:\/\/photos.app.goo.gl\/Q3o7ZTER2GrVVvueA\" target=\"_blank\" rel=\"noopener noreferrer\">FOTOS<\/a><\/p>\n","protected":false},"excerpt":{"rendered":"<p><a href=\"https:\/\/agora.xtec.cat\/ceip-dolorsalmeda-cornella\/wp-content\/uploads\/usu30\/2019\/05\/GRANJA-CAN-PIDELASERRA2.jpg\"><\/a><br \/>\nEl passat dilluns 20 de maig, els nens i nenes de\u00a0P3\u00a0van passar tot el dia a la granja Can Pidelaserra. All\u00e0 van poder gaudir d&#8217;un dia diferent, envoltats d&#8217;animals i plantes arom\u00e0tiques. Van con\u00e8ixer a la Pepa, una ruca molt\u00a0tranquil\u00b7la\u00a0que els va fer un&hellip;  <a href=\"https:\/\/agora.xtec.cat\/ceip-dolorsalmeda-cornella\/general\/p3-va-a-la-granja-can-pidelaserra\/\" title=\"Read P3 va a la granja Can Pidelaserra\">Llegeix m\u00e9s\u00bb<\/a><\/p>\n","protected":false},"author":1,"featured_media":2108,"comment_status":"open","ping_status":"closed","sticky":false,"template":"","format":"standard","meta":{"_bbp_topic_count":0,"_bbp_reply_count":0,"_bbp_total_topic_count":0,"_bbp_total_reply_count":0,"_bbp_voice_count":0,"_bbp_anonymous_reply_count":0,"_bbp_topic_count_hidden":0,"_bbp_reply_count_hidden":0,"_bbp_forum_subforum_count":0,"footnotes":""},"categories":[1,3,2,4],"tags":[153,151,72,191,113,89],"class_list":["post-2106","post","type-post","status-publish","format-standard","has-post-thumbnail","hentry","category-general","category-i3","category-infantil","category-portada","tag-animals","tag-experimentacio","tag-hort","tag-infantil","tag-sortida","tag-tallers"],"post_mailing_queue_ids":[],"_links":{"self":[{"href":"https:\/\/agora.xtec.cat\/ceip-dolorsalmeda-cornella\/wp-json\/wp\/v2\/posts\/2106","targetHints":{"allow":["GET"]}}],"collection":[{"href":"https:\/\/agora.xtec.cat\/ceip-dolorsalmeda-cornella\/wp-json\/wp\/v2\/posts"}],"about":[{"href":"https:\/\/agora.xtec.cat\/ceip-dolorsalmeda-cornella\/wp-json\/wp\/v2\/types\/post"}],"author":[{"embeddable":true,"href":"https:\/\/agora.xtec.cat\/ceip-dolorsalmeda-cornella\/wp-json\/wp\/v2\/users\/1"}],"replies":[{"embeddable":true,"href":"https:\/\/agora.xtec.cat\/ceip-dolorsalmeda-cornella\/wp-json\/wp\/v2\/comments?post=2106"}],"version-history":[{"count":3,"href":"https:\/\/agora.xtec.cat\/ceip-dolorsalmeda-cornella\/wp-json\/wp\/v2\/posts\/2106\/revisions"}],"predecessor-version":[{"id":2113,"href":"https:\/\/agora.xtec.cat\/ceip-dolorsalmeda-cornella\/wp-json\/wp\/v2\/posts\/2106\/revisions\/2113"}],"wp:featuredmedia":[{"embeddable":true,"href":"https:\/\/agora.xtec.cat\/ceip-dolorsalmeda-cornella\/wp-json\/wp\/v2\/media\/2108"}],"wp:attachment":[{"href":"https:\/\/agora.xtec.cat\/ceip-dolorsalmeda-cornella\/wp-json\/wp\/v2\/media?parent=2106"}],"wp:term":[{"taxonomy":"category","embeddable":true,"href":"https:\/\/agora.xtec.cat\/ceip-dolorsalmeda-cornella\/wp-json\/wp\/v2\/categories?post=2106"},{"taxonomy":"post_tag","embeddable":true,"href":"https:\/\/agora.xtec.cat\/ceip-dolorsalmeda-cornella\/wp-json\/wp\/v2\/tags?post=2106"}],"curies":[{"name":"wp","href":"https:\/\/api.w.org\/{rel}","templated":true}]}}