{"id":2100,"date":"2019-05-29T13:35:13","date_gmt":"2019-05-29T11:35:13","guid":{"rendered":"http:\/\/agora.xtec.cat\/ceip-dolorsalmeda-cornella\/?p=2100"},"modified":"2019-05-29T13:35:13","modified_gmt":"2019-05-29T11:35:13","slug":"tallers-del-tercer-trimestre-p3-p4-i-p5","status":"publish","type":"post","link":"https:\/\/agora.xtec.cat\/ceip-dolorsalmeda-cornella\/general\/tallers-del-tercer-trimestre-p3-p4-i-p5\/","title":{"rendered":"Tallers del tercer trimestre P3, P4 i P5"},"content":{"rendered":"<p>&nbsp;<\/p>\n<p><a href=\"https:\/\/agora.xtec.cat\/ceip-dolorsalmeda-cornella\/wp-content\/uploads\/usu30\/2019\/05\/TALLERS-TRECER-TRIMESTRE1.jpg\">\u00a0 \u00a0 \u00a0 \u00a0 \u00a0 \u00a0 \u00a0 \u00a0 \u00a0 \u00a0 \u00a0 \u00a0 \u00a0 \u00a0 \u00a0 \u00a0 \u00a0 \u00a0 \u00a0 \u00a0 <img loading=\"lazy\" decoding=\"async\" class=\"alignnone wp-image-2103\" src=\"https:\/\/agora.xtec.cat\/ceip-dolorsalmeda-cornella\/wp-content\/uploads\/usu30\/2019\/05\/TALLERS-TRECER-TRIMESTRE1.jpg\" alt=\"\" width=\"363\" height=\"272\" srcset=\"https:\/\/agora.xtec.cat\/ceip-dolorsalmeda-cornella\/wp-content\/uploads\/usu30\/2019\/05\/TALLERS-TRECER-TRIMESTRE1.jpg 640w, https:\/\/agora.xtec.cat\/ceip-dolorsalmeda-cornella\/wp-content\/uploads\/usu30\/2019\/05\/TALLERS-TRECER-TRIMESTRE1-300x225.jpg 300w, https:\/\/agora.xtec.cat\/ceip-dolorsalmeda-cornella\/wp-content\/uploads\/usu30\/2019\/05\/TALLERS-TRECER-TRIMESTRE1-200x150.jpg 200w\" sizes=\"auto, (max-width: 363px) 100vw, 363px\" \/><\/a><\/p>\n<p>Els nens I nenes de P3, P4 I P5 barrejats en 8 grups, han iniciat els tallers del tercer trimestre. Els tallers plantejats s\u00f3n amb una intenci\u00f3 l\u00fadica perqu\u00e8 els infants gaudeixin al m\u00e0xim tenint en compte que s&#8217;acosta el final de curs. S\u00f3n 4 tallers doblats: jocs d&#8217;aigua, maquillatge, rodes I polseres I collarets. En el de jocs d&#8217;aigua gaudeixen amb trasbalsaments, fent bombolles de sab\u00f3, pintant o mullant les parets amb pinzells I esponges. El de maquillatge entre ells\/es es maquillen i tenen l&#8217;oportunitat de convertir-se en el seu personatge preferit o ser un superheroi, princesa&#8230; Al pati de prim\u00e0ria es converteix en un circuit amb senyals que han de seguir els infants amb els patinets, tricicles o bicicletes que han portat de casa I per finalitzar, est\u00e0 el taller de fer polseres o collarets on cadasc\u00fa pot crear i inventar la combinaci\u00f3 que m\u00e9s li agradi per fer el seu collaret o polsera personalitzat.<\/p>\n<p><a href=\"https:\/\/photos.app.goo.gl\/U9hZxejS2hiCgE9p6\" target=\"_blank\" rel=\"noopener noreferrer\">FOTOS<\/a><\/p>\n","protected":false},"excerpt":{"rendered":"<p>&nbsp;<br \/>\n<a href=\"https:\/\/agora.xtec.cat\/ceip-dolorsalmeda-cornella\/wp-content\/uploads\/usu30\/2019\/05\/TALLERS-TRECER-TRIMESTRE1.jpg\">\u00a0 \u00a0 \u00a0 \u00a0 \u00a0 \u00a0 \u00a0 \u00a0 \u00a0 \u00a0 \u00a0 \u00a0 \u00a0 \u00a0 \u00a0 \u00a0 \u00a0 \u00a0 \u00a0 \u00a0 <\/a><br \/>\nEls nens I nenes de P3, P4 I P5 barrejats en 8 grups, han iniciat els tallers del tercer trimestre. Els tallers plantejats s\u00f3n&hellip;  <a href=\"https:\/\/agora.xtec.cat\/ceip-dolorsalmeda-cornella\/general\/tallers-del-tercer-trimestre-p3-p4-i-p5\/\" title=\"Read Tallers del tercer trimestre P3, P4 i P5\">Llegeix m\u00e9s\u00bb<\/a><\/p>\n","protected":false},"author":1,"featured_media":2103,"comment_status":"open","ping_status":"closed","sticky":false,"template":"","format":"standard","meta":{"_bbp_topic_count":0,"_bbp_reply_count":0,"_bbp_total_topic_count":0,"_bbp_total_reply_count":0,"_bbp_voice_count":0,"_bbp_anonymous_reply_count":0,"_bbp_topic_count_hidden":0,"_bbp_reply_count_hidden":0,"_bbp_forum_subforum_count":0,"footnotes":""},"categories":[1,3,8,9,2,4],"tags":[191,89],"class_list":["post-2100","post","type-post","status-publish","format-standard","has-post-thumbnail","hentry","category-general","category-i3","category-i4","category-i5","category-infantil","category-portada","tag-infantil","tag-tallers"],"post_mailing_queue_ids":[],"_links":{"self":[{"href":"https:\/\/agora.xtec.cat\/ceip-dolorsalmeda-cornella\/wp-json\/wp\/v2\/posts\/2100","targetHints":{"allow":["GET"]}}],"collection":[{"href":"https:\/\/agora.xtec.cat\/ceip-dolorsalmeda-cornella\/wp-json\/wp\/v2\/posts"}],"about":[{"href":"https:\/\/agora.xtec.cat\/ceip-dolorsalmeda-cornella\/wp-json\/wp\/v2\/types\/post"}],"author":[{"embeddable":true,"href":"https:\/\/agora.xtec.cat\/ceip-dolorsalmeda-cornella\/wp-json\/wp\/v2\/users\/1"}],"replies":[{"embeddable":true,"href":"https:\/\/agora.xtec.cat\/ceip-dolorsalmeda-cornella\/wp-json\/wp\/v2\/comments?post=2100"}],"version-history":[{"count":3,"href":"https:\/\/agora.xtec.cat\/ceip-dolorsalmeda-cornella\/wp-json\/wp\/v2\/posts\/2100\/revisions"}],"predecessor-version":[{"id":2115,"href":"https:\/\/agora.xtec.cat\/ceip-dolorsalmeda-cornella\/wp-json\/wp\/v2\/posts\/2100\/revisions\/2115"}],"wp:featuredmedia":[{"embeddable":true,"href":"https:\/\/agora.xtec.cat\/ceip-dolorsalmeda-cornella\/wp-json\/wp\/v2\/media\/2103"}],"wp:attachment":[{"href":"https:\/\/agora.xtec.cat\/ceip-dolorsalmeda-cornella\/wp-json\/wp\/v2\/media?parent=2100"}],"wp:term":[{"taxonomy":"category","embeddable":true,"href":"https:\/\/agora.xtec.cat\/ceip-dolorsalmeda-cornella\/wp-json\/wp\/v2\/categories?post=2100"},{"taxonomy":"post_tag","embeddable":true,"href":"https:\/\/agora.xtec.cat\/ceip-dolorsalmeda-cornella\/wp-json\/wp\/v2\/tags?post=2100"}],"curies":[{"name":"wp","href":"https:\/\/api.w.org\/{rel}","templated":true}]}}