{"id":2085,"date":"2019-05-21T13:54:07","date_gmt":"2019-05-21T11:54:07","guid":{"rendered":"http:\/\/agora.xtec.cat\/ceip-dolorsalmeda-cornella\/?p=2085"},"modified":"2019-05-21T13:55:35","modified_gmt":"2019-05-21T11:55:35","slug":"gimcana-matematica","status":"publish","type":"post","link":"https:\/\/agora.xtec.cat\/ceip-dolorsalmeda-cornella\/general\/gimcana-matematica\/","title":{"rendered":"Gimcana matem\u00e0tica."},"content":{"rendered":"<p>EL dia 21 de maig els alumnes de sis\u00e8 han celebrat el dia mundial de les Matem\u00e0tiques, que va ser el passat dia 12. Han anat als instituts Miquel Mart\u00ed i Pol i Joan Mir\u00f3 per participar en una gimcana que consistia en resoldre el major nombre de reptes matem\u00e0tics possibles. Han participat m\u00e9s de 500 alumnes i ha estat una manera de fer matem\u00e0tiques diferent, l\u00fadica i molt motivadora. Aqu\u00ed us deixem un parell d\u2019exemples. Us animeu a resoldre&#8217;ls?<\/p>\n<p><a href=\"https:\/\/photos.app.goo.gl\/djyJjaaTCdPQf2q49\">ENIGMES<\/a><\/p>\n<p><a href=\"https:\/\/photos.app.goo.gl\/Qt9MMThfjdMPsYLb7\">FOTOS<\/a><\/p>\n","protected":false},"excerpt":{"rendered":"<p>EL dia 21 de maig els alumnes de sis\u00e8 han celebrat el dia mundial de les Matem\u00e0tiques, que va ser el passat dia 12. Han anat als instituts Miquel Mart\u00ed i Pol i Joan Mir\u00f3 per participar en una gimcana que consistia en resoldre el&hellip;  <a href=\"https:\/\/agora.xtec.cat\/ceip-dolorsalmeda-cornella\/general\/gimcana-matematica\/\" title=\"Read Gimcana matem\u00e0tica.\">Llegeix m\u00e9s\u00bb<\/a><\/p>\n","protected":false},"author":1,"featured_media":2086,"comment_status":"open","ping_status":"closed","sticky":false,"template":"","format":"standard","meta":{"_bbp_topic_count":0,"_bbp_reply_count":0,"_bbp_total_topic_count":0,"_bbp_total_reply_count":0,"_bbp_voice_count":0,"_bbp_anonymous_reply_count":0,"_bbp_topic_count_hidden":0,"_bbp_reply_count_hidden":0,"_bbp_forum_subforum_count":0,"footnotes":""},"categories":[15,1,4,5],"tags":[138],"class_list":["post-2085","post","type-post","status-publish","format-standard","has-post-thumbnail","hentry","category-6e","category-general","category-portada","category-primaria","tag-gimcana-matematica"],"post_mailing_queue_ids":[],"_links":{"self":[{"href":"https:\/\/agora.xtec.cat\/ceip-dolorsalmeda-cornella\/wp-json\/wp\/v2\/posts\/2085","targetHints":{"allow":["GET"]}}],"collection":[{"href":"https:\/\/agora.xtec.cat\/ceip-dolorsalmeda-cornella\/wp-json\/wp\/v2\/posts"}],"about":[{"href":"https:\/\/agora.xtec.cat\/ceip-dolorsalmeda-cornella\/wp-json\/wp\/v2\/types\/post"}],"author":[{"embeddable":true,"href":"https:\/\/agora.xtec.cat\/ceip-dolorsalmeda-cornella\/wp-json\/wp\/v2\/users\/1"}],"replies":[{"embeddable":true,"href":"https:\/\/agora.xtec.cat\/ceip-dolorsalmeda-cornella\/wp-json\/wp\/v2\/comments?post=2085"}],"version-history":[{"count":3,"href":"https:\/\/agora.xtec.cat\/ceip-dolorsalmeda-cornella\/wp-json\/wp\/v2\/posts\/2085\/revisions"}],"predecessor-version":[{"id":2090,"href":"https:\/\/agora.xtec.cat\/ceip-dolorsalmeda-cornella\/wp-json\/wp\/v2\/posts\/2085\/revisions\/2090"}],"wp:featuredmedia":[{"embeddable":true,"href":"https:\/\/agora.xtec.cat\/ceip-dolorsalmeda-cornella\/wp-json\/wp\/v2\/media\/2086"}],"wp:attachment":[{"href":"https:\/\/agora.xtec.cat\/ceip-dolorsalmeda-cornella\/wp-json\/wp\/v2\/media?parent=2085"}],"wp:term":[{"taxonomy":"category","embeddable":true,"href":"https:\/\/agora.xtec.cat\/ceip-dolorsalmeda-cornella\/wp-json\/wp\/v2\/categories?post=2085"},{"taxonomy":"post_tag","embeddable":true,"href":"https:\/\/agora.xtec.cat\/ceip-dolorsalmeda-cornella\/wp-json\/wp\/v2\/tags?post=2085"}],"curies":[{"name":"wp","href":"https:\/\/api.w.org\/{rel}","templated":true}]}}