{"id":2075,"date":"2019-05-22T10:20:25","date_gmt":"2019-05-22T08:20:25","guid":{"rendered":"http:\/\/agora.xtec.cat\/ceip-dolorsalmeda-cornella\/?p=2075"},"modified":"2019-05-22T11:25:40","modified_gmt":"2019-05-22T09:25:40","slug":"camina-descalc","status":"publish","type":"post","link":"https:\/\/agora.xtec.cat\/ceip-dolorsalmeda-cornella\/general\/camina-descalc\/","title":{"rendered":"Camina descal\u00e7"},"content":{"rendered":"<p><a href=\"https:\/\/agora.xtec.cat\/ceip-dolorsalmeda-cornella\/wp-content\/uploads\/usu30\/2019\/05\/Image_02.jpg\"><img loading=\"lazy\" decoding=\"async\" class=\"wp-image-2076 aligncenter\" src=\"https:\/\/agora.xtec.cat\/ceip-dolorsalmeda-cornella\/wp-content\/uploads\/usu30\/2019\/05\/Image_02-1024x768.jpg\" alt=\"\" width=\"451\" height=\"338\" srcset=\"https:\/\/agora.xtec.cat\/ceip-dolorsalmeda-cornella\/wp-content\/uploads\/usu30\/2019\/05\/Image_02-1024x768.jpg 1024w, https:\/\/agora.xtec.cat\/ceip-dolorsalmeda-cornella\/wp-content\/uploads\/usu30\/2019\/05\/Image_02-300x225.jpg 300w, https:\/\/agora.xtec.cat\/ceip-dolorsalmeda-cornella\/wp-content\/uploads\/usu30\/2019\/05\/Image_02-768x576.jpg 768w, https:\/\/agora.xtec.cat\/ceip-dolorsalmeda-cornella\/wp-content\/uploads\/usu30\/2019\/05\/Image_02-200x150.jpg 200w\" sizes=\"auto, (max-width: 451px) 100vw, 451px\" \/><\/a><\/p>\n<p class=\"font_8\" style=\"text-align: justify;\">El passat dious 16 de maig, els alumnes de primer van anar a Arb\u00facies a fer l&#8217;activitat Camina Descal\u00e7, un sender on es combina el plaer i la satisfacci\u00f3 de sentir la natura als peus. Al llarg del recorregut, els infants van anar descobrint gran varietat de materials i textures. Com que el peu \u00e9s un \u00f2rgan sensitiu tan fi com la m\u00e0, caminar descal\u00e7 els va obrir tot un m\u00f3n de sensacions en qu\u00e8 cada pas era diferent de l\u2019anterior i sempre un plaer que despertava exclamacions, somriures i emocions. Aquest sender els fa fer gaudir de noves sensacions a trav\u00e9s del sentit del tacte, per\u00f2 tamb\u00e9 de la vista (buscant petjades d&#8217;animals), de l\u2019olfacte (tocant i olorant les plantes i herbes arom\u00e0tiques) i de l\u2019o\u00efda (descobrint diferents tipus d&#8217;instruments). Un sender m\u00e0gic en tots els sentits!<\/p>\n<p><a href=\"https:\/\/photos.app.goo.gl\/VtdEyyUr9DW2eAP79\" target=\"_blank\" rel=\"noopener noreferrer\">FOTOS 1rA<\/a><\/p>\n<p><a href=\"https:\/\/photos.app.goo.gl\/oWJ8o7nuVW1bGUre8\" target=\"_blank\" rel=\"noopener noreferrer\">FOTOS 1rB<\/a><\/p>\n<p>&nbsp;<\/p>\n","protected":false},"excerpt":{"rendered":"<p><a href=\"https:\/\/agora.xtec.cat\/ceip-dolorsalmeda-cornella\/wp-content\/uploads\/usu30\/2019\/05\/Image_02.jpg\"><\/a><br \/>\nEl passat dious 16 de maig, els alumnes de primer van anar a Arb\u00facies a fer l&#8217;activitat Camina Descal\u00e7, un sender on es combina el plaer i la satisfacci\u00f3 de sentir la natura als peus. Al llarg del recorregut, els infants van anar descobrint&hellip;  <a href=\"https:\/\/agora.xtec.cat\/ceip-dolorsalmeda-cornella\/general\/camina-descalc\/\" title=\"Read Camina descal\u00e7\">Llegeix m\u00e9s\u00bb<\/a><\/p>\n","protected":false},"author":1,"featured_media":2076,"comment_status":"open","ping_status":"closed","sticky":false,"template":"","format":"standard","meta":{"_bbp_topic_count":0,"_bbp_reply_count":0,"_bbp_total_topic_count":0,"_bbp_total_reply_count":0,"_bbp_voice_count":0,"_bbp_anonymous_reply_count":0,"_bbp_topic_count_hidden":0,"_bbp_reply_count_hidden":0,"_bbp_forum_subforum_count":0,"footnotes":""},"categories":[10,1,4,5],"tags":[161,16],"class_list":["post-2075","post","type-post","status-publish","format-standard","has-post-thumbnail","hentry","category-1r","category-general","category-portada","category-primaria","tag-sentits","tag-sortides"],"post_mailing_queue_ids":[],"_links":{"self":[{"href":"https:\/\/agora.xtec.cat\/ceip-dolorsalmeda-cornella\/wp-json\/wp\/v2\/posts\/2075","targetHints":{"allow":["GET"]}}],"collection":[{"href":"https:\/\/agora.xtec.cat\/ceip-dolorsalmeda-cornella\/wp-json\/wp\/v2\/posts"}],"about":[{"href":"https:\/\/agora.xtec.cat\/ceip-dolorsalmeda-cornella\/wp-json\/wp\/v2\/types\/post"}],"author":[{"embeddable":true,"href":"https:\/\/agora.xtec.cat\/ceip-dolorsalmeda-cornella\/wp-json\/wp\/v2\/users\/1"}],"replies":[{"embeddable":true,"href":"https:\/\/agora.xtec.cat\/ceip-dolorsalmeda-cornella\/wp-json\/wp\/v2\/comments?post=2075"}],"version-history":[{"count":3,"href":"https:\/\/agora.xtec.cat\/ceip-dolorsalmeda-cornella\/wp-json\/wp\/v2\/posts\/2075\/revisions"}],"predecessor-version":[{"id":2099,"href":"https:\/\/agora.xtec.cat\/ceip-dolorsalmeda-cornella\/wp-json\/wp\/v2\/posts\/2075\/revisions\/2099"}],"wp:featuredmedia":[{"embeddable":true,"href":"https:\/\/agora.xtec.cat\/ceip-dolorsalmeda-cornella\/wp-json\/wp\/v2\/media\/2076"}],"wp:attachment":[{"href":"https:\/\/agora.xtec.cat\/ceip-dolorsalmeda-cornella\/wp-json\/wp\/v2\/media?parent=2075"}],"wp:term":[{"taxonomy":"category","embeddable":true,"href":"https:\/\/agora.xtec.cat\/ceip-dolorsalmeda-cornella\/wp-json\/wp\/v2\/categories?post=2075"},{"taxonomy":"post_tag","embeddable":true,"href":"https:\/\/agora.xtec.cat\/ceip-dolorsalmeda-cornella\/wp-json\/wp\/v2\/tags?post=2075"}],"curies":[{"name":"wp","href":"https:\/\/api.w.org\/{rel}","templated":true}]}}