{"id":2029,"date":"2019-05-08T22:16:02","date_gmt":"2019-05-08T20:16:02","guid":{"rendered":"http:\/\/agora.xtec.cat\/ceip-dolorsalmeda-cornella\/?p=2029"},"modified":"2019-05-08T22:16:02","modified_gmt":"2019-05-08T20:16:02","slug":"informatiu-abril-2019","status":"publish","type":"post","link":"https:\/\/agora.xtec.cat\/ceip-dolorsalmeda-cornella\/general\/informatiu-abril-2019\/","title":{"rendered":"Informatiu Abril 2019"},"content":{"rendered":"<p><a href=\"https:\/\/agora.xtec.cat\/ceip-dolorsalmeda-cornella\/wp-content\/uploads\/usu30\/2019\/05\/INFORMATIU-ABRIL.jpg\"><img loading=\"lazy\" decoding=\"async\" class=\"wp-image-2031 aligncenter\" src=\"https:\/\/agora.xtec.cat\/ceip-dolorsalmeda-cornella\/wp-content\/uploads\/usu30\/2019\/05\/INFORMATIU-ABRIL.jpg\" alt=\"\" width=\"212\" height=\"201\" srcset=\"https:\/\/agora.xtec.cat\/ceip-dolorsalmeda-cornella\/wp-content\/uploads\/usu30\/2019\/05\/INFORMATIU-ABRIL.jpg 420w, https:\/\/agora.xtec.cat\/ceip-dolorsalmeda-cornella\/wp-content\/uploads\/usu30\/2019\/05\/INFORMATIU-ABRIL-300x285.jpg 300w\" sizes=\"auto, (max-width: 212px) 100vw, 212px\" \/><\/a><\/p>\n<p>Moments dol\u00e7os, emocionants, plens de noves descobertes, aix\u00ed com tamb\u00e9 primeres vegade&#8230; ja teniu aqu\u00ed l\u2019informatiud&#8217;abril.\u00a0 Cliqueu sobre la imatge per dirigir-vos al document o adreceu-vos a l\u2019apartat DOCS ( al men\u00fa a dalt a la dreta de la p\u00e0gina d\u2019inici).<\/p>\n<div class=\"addtoany_share_save_container addtoany_content_bottom\">\n<div class=\"a2a_kit a2a_kit_size_32 addtoany_list\" data-a2a-url=\"https:\/\/agora.xtec.cat\/ceip-dolorsalmeda-cornella\/general\/informatiu-febrer-2019\/\" data-a2a-title=\"Informatiu febrer 2019\"><a href=\"https:\/\/agora.xtec.cat\/ceip-dolorsalmeda-cornella\/docs\/informatiu-abril\/\" target=\"_blank\" rel=\"noopener\">INFORMATIU ABRIL<\/a><\/div>\n<\/div>\n","protected":false},"excerpt":{"rendered":"<p><a href=\"https:\/\/agora.xtec.cat\/ceip-dolorsalmeda-cornella\/wp-content\/uploads\/usu30\/2019\/05\/INFORMATIU-ABRIL.jpg\"><\/a><br \/>\nMoments dol\u00e7os, emocionants, plens de noves descobertes, aix\u00ed com tamb\u00e9 primeres vegade&#8230; ja teniu aqu\u00ed l\u2019informatiud&#8217;abril.\u00a0 Cliqueu sobre la imatge per dirigir-vos al document o adreceu-vos a l\u2019apartat DOCS ( al men\u00fa a dalt a la dreta de la p\u00e0gina d\u2019inici).<\/p>\n<p><a href=\"https:\/\/agora.xtec.cat\/ceip-dolorsalmeda-cornella\/docs\/informatiu-abril\/\" target=\"_blank\" rel=\"noopener\">INFORMATIU&hellip;  <a href=\"https:\/\/agora.xtec.cat\/ceip-dolorsalmeda-cornella\/general\/informatiu-abril-2019\/\" title=\"Read Informatiu Abril 2019\">Llegeix m\u00e9s\u00bb<\/a><\/p>\n","protected":false},"author":1,"featured_media":2031,"comment_status":"open","ping_status":"closed","sticky":false,"template":"","format":"standard","meta":{"_bbp_topic_count":0,"_bbp_reply_count":0,"_bbp_total_topic_count":0,"_bbp_total_reply_count":0,"_bbp_voice_count":0,"_bbp_anonymous_reply_count":0,"_bbp_topic_count_hidden":0,"_bbp_reply_count_hidden":0,"_bbp_forum_subforum_count":0,"footnotes":""},"categories":[10,11,12,13,14,15,7,1,3,8,9,2,4,5],"tags":[85],"class_list":["post-2029","post","type-post","status-publish","format-standard","has-post-thumbnail","hentry","category-1r","category-2n","category-3r","category-4t","category-5e","category-6e","category-ampa","category-general","category-i3","category-i4","category-i5","category-infantil","category-portada","category-primaria","tag-informatiu"],"post_mailing_queue_ids":[],"_links":{"self":[{"href":"https:\/\/agora.xtec.cat\/ceip-dolorsalmeda-cornella\/wp-json\/wp\/v2\/posts\/2029","targetHints":{"allow":["GET"]}}],"collection":[{"href":"https:\/\/agora.xtec.cat\/ceip-dolorsalmeda-cornella\/wp-json\/wp\/v2\/posts"}],"about":[{"href":"https:\/\/agora.xtec.cat\/ceip-dolorsalmeda-cornella\/wp-json\/wp\/v2\/types\/post"}],"author":[{"embeddable":true,"href":"https:\/\/agora.xtec.cat\/ceip-dolorsalmeda-cornella\/wp-json\/wp\/v2\/users\/1"}],"replies":[{"embeddable":true,"href":"https:\/\/agora.xtec.cat\/ceip-dolorsalmeda-cornella\/wp-json\/wp\/v2\/comments?post=2029"}],"version-history":[{"count":2,"href":"https:\/\/agora.xtec.cat\/ceip-dolorsalmeda-cornella\/wp-json\/wp\/v2\/posts\/2029\/revisions"}],"predecessor-version":[{"id":2032,"href":"https:\/\/agora.xtec.cat\/ceip-dolorsalmeda-cornella\/wp-json\/wp\/v2\/posts\/2029\/revisions\/2032"}],"wp:featuredmedia":[{"embeddable":true,"href":"https:\/\/agora.xtec.cat\/ceip-dolorsalmeda-cornella\/wp-json\/wp\/v2\/media\/2031"}],"wp:attachment":[{"href":"https:\/\/agora.xtec.cat\/ceip-dolorsalmeda-cornella\/wp-json\/wp\/v2\/media?parent=2029"}],"wp:term":[{"taxonomy":"category","embeddable":true,"href":"https:\/\/agora.xtec.cat\/ceip-dolorsalmeda-cornella\/wp-json\/wp\/v2\/categories?post=2029"},{"taxonomy":"post_tag","embeddable":true,"href":"https:\/\/agora.xtec.cat\/ceip-dolorsalmeda-cornella\/wp-json\/wp\/v2\/tags?post=2029"}],"curies":[{"name":"wp","href":"https:\/\/api.w.org\/{rel}","templated":true}]}}