{"id":1988,"date":"2019-05-08T13:06:10","date_gmt":"2019-05-08T11:06:10","guid":{"rendered":"http:\/\/agora.xtec.cat\/ceip-dolorsalmeda-cornella\/?p=1988"},"modified":"2019-05-08T13:10:32","modified_gmt":"2019-05-08T11:10:32","slug":"sortida-al-delta-del-llobregat","status":"publish","type":"post","link":"https:\/\/agora.xtec.cat\/ceip-dolorsalmeda-cornella\/general\/sortida-al-delta-del-llobregat\/","title":{"rendered":"Sortida al Delta del Llobregat"},"content":{"rendered":"<p><a href=\"https:\/\/agora.xtec.cat\/ceip-dolorsalmeda-cornella\/wp-content\/uploads\/usu30\/2019\/05\/iMAGE_46.jpg\"><img loading=\"lazy\" decoding=\"async\" class=\"wp-image-1990 aligncenter\" src=\"https:\/\/agora.xtec.cat\/ceip-dolorsalmeda-cornella\/wp-content\/uploads\/usu30\/2019\/05\/iMAGE_46.jpg\" alt=\"\" width=\"283\" height=\"212\" srcset=\"https:\/\/agora.xtec.cat\/ceip-dolorsalmeda-cornella\/wp-content\/uploads\/usu30\/2019\/05\/iMAGE_46.jpg 800w, https:\/\/agora.xtec.cat\/ceip-dolorsalmeda-cornella\/wp-content\/uploads\/usu30\/2019\/05\/iMAGE_46-300x225.jpg 300w, https:\/\/agora.xtec.cat\/ceip-dolorsalmeda-cornella\/wp-content\/uploads\/usu30\/2019\/05\/iMAGE_46-768x576.jpg 768w, https:\/\/agora.xtec.cat\/ceip-dolorsalmeda-cornella\/wp-content\/uploads\/usu30\/2019\/05\/iMAGE_46-200x150.jpg 200w\" sizes=\"auto, (max-width: 283px) 100vw, 283px\" \/><\/a><\/p>\n<p>L\u2019alumnat de 5\u00e8 ha fet una sortida a la Reserva Natural del Delta del Llobregat. Han visitat l\u2019espai natural de Cal Tet, on han pujat a un mirador per observar tot el delta, han estudiat un tipus de plantes especials que poden viure a les maresmes on hi ha aig\u00fces salabroses i han observat, amb l\u2019ajuda de prism\u00e0tics, diferents aus migrat\u00f2ries que en aquesta \u00e8poca de l\u2019any passen pel delta i s\u2019aturen per menjar i descansar. Tamb\u00e9 han vist, i fins i tot han pogut acaronar, uns cavalls molt especials, els cavalls de la ra\u00e7a Camarga, que pasturen als aiguamolls del delta i ajuden a netejar aquest espai de vegetaci\u00f3 , beneficiant aix\u00ed la diversitat vegetal i animal.<\/p>\n<p>Despr\u00e9s han dinat al Parc Nou on han gaudit d\u2019una bona estona d\u2019esbarjo amb els companys.<\/p>\n<p>Ha estat una sortida molt interessant!<\/p>\n<p><a href=\"https:\/\/photos.app.goo.gl\/eVT5tzLtHH9T9PRF6\">FOTOS<\/a><\/p>\n","protected":false},"excerpt":{"rendered":"<p><a href=\"https:\/\/agora.xtec.cat\/ceip-dolorsalmeda-cornella\/wp-content\/uploads\/usu30\/2019\/05\/iMAGE_46.jpg\"><\/a><br \/>\nL\u2019alumnat de 5\u00e8 ha fet una sortida a la Reserva Natural del Delta del Llobregat. Han visitat l\u2019espai natural de Cal Tet, on han pujat a un mirador per observar tot el delta, han estudiat un tipus de plantes especials que poden viure a&hellip;  <a href=\"https:\/\/agora.xtec.cat\/ceip-dolorsalmeda-cornella\/general\/sortida-al-delta-del-llobregat\/\" title=\"Read Sortida al Delta del Llobregat\">Llegeix m\u00e9s\u00bb<\/a><\/p>\n","protected":false},"author":1,"featured_media":1990,"comment_status":"open","ping_status":"closed","sticky":false,"template":"","format":"standard","meta":{"_bbp_topic_count":0,"_bbp_reply_count":0,"_bbp_total_topic_count":0,"_bbp_total_reply_count":0,"_bbp_voice_count":0,"_bbp_anonymous_reply_count":0,"_bbp_topic_count_hidden":0,"_bbp_reply_count_hidden":0,"_bbp_forum_subforum_count":0,"footnotes":""},"categories":[14,1,4,5],"tags":[113,172],"class_list":["post-1988","post","type-post","status-publish","format-standard","has-post-thumbnail","hentry","category-5e","category-general","category-portada","category-primaria","tag-sortida","tag-sostenibilitat"],"post_mailing_queue_ids":[],"_links":{"self":[{"href":"https:\/\/agora.xtec.cat\/ceip-dolorsalmeda-cornella\/wp-json\/wp\/v2\/posts\/1988","targetHints":{"allow":["GET"]}}],"collection":[{"href":"https:\/\/agora.xtec.cat\/ceip-dolorsalmeda-cornella\/wp-json\/wp\/v2\/posts"}],"about":[{"href":"https:\/\/agora.xtec.cat\/ceip-dolorsalmeda-cornella\/wp-json\/wp\/v2\/types\/post"}],"author":[{"embeddable":true,"href":"https:\/\/agora.xtec.cat\/ceip-dolorsalmeda-cornella\/wp-json\/wp\/v2\/users\/1"}],"replies":[{"embeddable":true,"href":"https:\/\/agora.xtec.cat\/ceip-dolorsalmeda-cornella\/wp-json\/wp\/v2\/comments?post=1988"}],"version-history":[{"count":3,"href":"https:\/\/agora.xtec.cat\/ceip-dolorsalmeda-cornella\/wp-json\/wp\/v2\/posts\/1988\/revisions"}],"predecessor-version":[{"id":1996,"href":"https:\/\/agora.xtec.cat\/ceip-dolorsalmeda-cornella\/wp-json\/wp\/v2\/posts\/1988\/revisions\/1996"}],"wp:featuredmedia":[{"embeddable":true,"href":"https:\/\/agora.xtec.cat\/ceip-dolorsalmeda-cornella\/wp-json\/wp\/v2\/media\/1990"}],"wp:attachment":[{"href":"https:\/\/agora.xtec.cat\/ceip-dolorsalmeda-cornella\/wp-json\/wp\/v2\/media?parent=1988"}],"wp:term":[{"taxonomy":"category","embeddable":true,"href":"https:\/\/agora.xtec.cat\/ceip-dolorsalmeda-cornella\/wp-json\/wp\/v2\/categories?post=1988"},{"taxonomy":"post_tag","embeddable":true,"href":"https:\/\/agora.xtec.cat\/ceip-dolorsalmeda-cornella\/wp-json\/wp\/v2\/tags?post=1988"}],"curies":[{"name":"wp","href":"https:\/\/api.w.org\/{rel}","templated":true}]}}