{"id":1980,"date":"2019-04-30T11:58:36","date_gmt":"2019-04-30T09:58:36","guid":{"rendered":"http:\/\/agora.xtec.cat\/ceip-dolorsalmeda-cornella\/?p=1980"},"modified":"2019-05-08T13:11:40","modified_gmt":"2019-05-08T11:11:40","slug":"comiat-padrins-lectors","status":"publish","type":"post","link":"https:\/\/agora.xtec.cat\/ceip-dolorsalmeda-cornella\/general\/comiat-padrins-lectors\/","title":{"rendered":"Comiat dels padrins lectors"},"content":{"rendered":"<p><a href=\"https:\/\/agora.xtec.cat\/ceip-dolorsalmeda-cornella\/wp-content\/uploads\/usu30\/2019\/04\/Image_3.jpg\"><img loading=\"lazy\" decoding=\"async\" class=\"wp-image-1981 aligncenter\" src=\"https:\/\/agora.xtec.cat\/ceip-dolorsalmeda-cornella\/wp-content\/uploads\/usu30\/2019\/04\/Image_3-1024x768.jpg\" alt=\"\" width=\"386\" height=\"289\" srcset=\"https:\/\/agora.xtec.cat\/ceip-dolorsalmeda-cornella\/wp-content\/uploads\/usu30\/2019\/04\/Image_3-1024x768.jpg 1024w, https:\/\/agora.xtec.cat\/ceip-dolorsalmeda-cornella\/wp-content\/uploads\/usu30\/2019\/04\/Image_3-300x225.jpg 300w, https:\/\/agora.xtec.cat\/ceip-dolorsalmeda-cornella\/wp-content\/uploads\/usu30\/2019\/04\/Image_3-768x576.jpg 768w, https:\/\/agora.xtec.cat\/ceip-dolorsalmeda-cornella\/wp-content\/uploads\/usu30\/2019\/04\/Image_3-200x150.jpg 200w\" sizes=\"auto, (max-width: 386px) 100vw, 386px\" \/><\/a><\/p>\n<p style=\"text-align: justify;\">El passat dijous 11 d&#8217;abril, els alumnes de sis\u00e8, padrins i padrines de lectura, es van acomiadar dels seus fillols i filloles, els alumnes de primer. Per celebrar el final de les sessions de lectura compartida entre grans i petits, els alumnes de sis\u00e8 es van preparar una petita representaci\u00f3 d&#8217;un conte com a regal pels seus fillols. Van gaudir d&#8217;una estona divertida plena de somriures i tamb\u00e9 de moments tendres d&#8217;abra\u00e7ades. Gr\u00e0cies padrins i padrines per aquest acompanyament a la lectura tant fant\u00e0stic!<\/p>\n<p><a href=\"https:\/\/photos.app.goo.gl\/5tTNy2EGoqXvq67R6\" target=\"_blank\" rel=\"noopener\">FOTOS<\/a><\/p>\n","protected":false},"excerpt":{"rendered":"<p><a href=\"https:\/\/agora.xtec.cat\/ceip-dolorsalmeda-cornella\/wp-content\/uploads\/usu30\/2019\/04\/Image_3.jpg\"><\/a><br \/>\nEl passat dijous 11 d&#8217;abril, els alumnes de sis\u00e8, padrins i padrines de lectura, es van acomiadar dels seus fillols i filloles, els alumnes de primer. Per celebrar el final de les sessions de lectura compartida entre grans i petits, els alumnes de sis\u00e8&hellip;  <a href=\"https:\/\/agora.xtec.cat\/ceip-dolorsalmeda-cornella\/general\/comiat-padrins-lectors\/\" title=\"Read Comiat dels padrins lectors\">Llegeix m\u00e9s\u00bb<\/a><\/p>\n","protected":false},"author":1,"featured_media":1981,"comment_status":"open","ping_status":"closed","sticky":false,"template":"","format":"standard","meta":{"_bbp_topic_count":0,"_bbp_reply_count":0,"_bbp_total_topic_count":0,"_bbp_total_reply_count":0,"_bbp_voice_count":0,"_bbp_anonymous_reply_count":0,"_bbp_topic_count_hidden":0,"_bbp_reply_count_hidden":0,"_bbp_forum_subforum_count":0,"footnotes":""},"categories":[10,15,1,4,5],"tags":[205,82,204],"class_list":["post-1980","post","type-post","status-publish","format-standard","has-post-thumbnail","hentry","category-1r","category-6e","category-general","category-portada","category-primaria","tag-fillols","tag-lectura","tag-padrins"],"post_mailing_queue_ids":[],"_links":{"self":[{"href":"https:\/\/agora.xtec.cat\/ceip-dolorsalmeda-cornella\/wp-json\/wp\/v2\/posts\/1980","targetHints":{"allow":["GET"]}}],"collection":[{"href":"https:\/\/agora.xtec.cat\/ceip-dolorsalmeda-cornella\/wp-json\/wp\/v2\/posts"}],"about":[{"href":"https:\/\/agora.xtec.cat\/ceip-dolorsalmeda-cornella\/wp-json\/wp\/v2\/types\/post"}],"author":[{"embeddable":true,"href":"https:\/\/agora.xtec.cat\/ceip-dolorsalmeda-cornella\/wp-json\/wp\/v2\/users\/1"}],"replies":[{"embeddable":true,"href":"https:\/\/agora.xtec.cat\/ceip-dolorsalmeda-cornella\/wp-json\/wp\/v2\/comments?post=1980"}],"version-history":[{"count":2,"href":"https:\/\/agora.xtec.cat\/ceip-dolorsalmeda-cornella\/wp-json\/wp\/v2\/posts\/1980\/revisions"}],"predecessor-version":[{"id":1999,"href":"https:\/\/agora.xtec.cat\/ceip-dolorsalmeda-cornella\/wp-json\/wp\/v2\/posts\/1980\/revisions\/1999"}],"wp:featuredmedia":[{"embeddable":true,"href":"https:\/\/agora.xtec.cat\/ceip-dolorsalmeda-cornella\/wp-json\/wp\/v2\/media\/1981"}],"wp:attachment":[{"href":"https:\/\/agora.xtec.cat\/ceip-dolorsalmeda-cornella\/wp-json\/wp\/v2\/media?parent=1980"}],"wp:term":[{"taxonomy":"category","embeddable":true,"href":"https:\/\/agora.xtec.cat\/ceip-dolorsalmeda-cornella\/wp-json\/wp\/v2\/categories?post=1980"},{"taxonomy":"post_tag","embeddable":true,"href":"https:\/\/agora.xtec.cat\/ceip-dolorsalmeda-cornella\/wp-json\/wp\/v2\/tags?post=1980"}],"curies":[{"name":"wp","href":"https:\/\/api.w.org\/{rel}","templated":true}]}}