{"id":1967,"date":"2019-05-02T15:10:04","date_gmt":"2019-05-02T13:10:04","guid":{"rendered":"http:\/\/agora.xtec.cat\/ceip-dolorsalmeda-cornella\/?p=1967"},"modified":"2019-05-08T13:14:10","modified_gmt":"2019-05-08T11:14:10","slug":"danses-tradicionals-catalanes","status":"publish","type":"post","link":"https:\/\/agora.xtec.cat\/ceip-dolorsalmeda-cornella\/general\/danses-tradicionals-catalanes\/","title":{"rendered":"Danses tradicionals catalanes"},"content":{"rendered":"<p>Els balls i danses tradicionals s\u00f3n aquells propis de la cultura popular que s&#8217;han anat transmetent de generaci\u00f3 en generaci\u00f3 fins a arribar a l&#8217;actualitat. \u00c9s per aix\u00f2 que creiem que \u00e9s molt important que els\/les\u00a0 alumn@s\u00a0 les coneguin.<\/p>\n<p>Aquest curs, des de P3 a sis\u00e8 tots els infants de l&#8217;escola han apr\u00e9s una dansa catalana tradicional\u00a0 diferent i\u00a0 l&#8217;han volgut mostrar a totes les fam\u00edlies. Hem finalitzat l&#8217;exhibici\u00f3 ballant una sardana tots plegats.<\/p>\n<p><a href=\"https:\/\/photos.app.goo.gl\/96cHhEecLAipZ4ko7\">FOTOS\u00a0<\/a><\/p>\n","protected":false},"excerpt":{"rendered":"<p>Els balls i danses tradicionals s\u00f3n aquells propis de la cultura popular que s&#8217;han anat transmetent de generaci\u00f3 en generaci\u00f3 fins a arribar a l&#8217;actualitat. \u00c9s per aix\u00f2 que creiem que \u00e9s molt important que els\/les\u00a0 alumn@s\u00a0 les coneguin.<br \/>\nAquest curs, des de P3 a sis\u00e8&hellip;  <a href=\"https:\/\/agora.xtec.cat\/ceip-dolorsalmeda-cornella\/general\/danses-tradicionals-catalanes\/\" title=\"Read Danses tradicionals catalanes\">Llegeix m\u00e9s\u00bb<\/a><\/p>\n","protected":false},"author":6,"featured_media":1968,"comment_status":"open","ping_status":"closed","sticky":false,"template":"","format":"standard","meta":{"_bbp_topic_count":0,"_bbp_reply_count":0,"_bbp_total_topic_count":0,"_bbp_total_reply_count":0,"_bbp_voice_count":0,"_bbp_anonymous_reply_count":0,"_bbp_topic_count_hidden":0,"_bbp_reply_count_hidden":0,"_bbp_forum_subforum_count":0,"footnotes":""},"categories":[10,11,12,13,14,15,1,3,8,9,2,4,5],"tags":[150],"class_list":["post-1967","post","type-post","status-publish","format-standard","has-post-thumbnail","hentry","category-1r","category-2n","category-3r","category-4t","category-5e","category-6e","category-general","category-i3","category-i4","category-i5","category-infantil","category-portada","category-primaria","tag-dansa"],"post_mailing_queue_ids":[],"_links":{"self":[{"href":"https:\/\/agora.xtec.cat\/ceip-dolorsalmeda-cornella\/wp-json\/wp\/v2\/posts\/1967","targetHints":{"allow":["GET"]}}],"collection":[{"href":"https:\/\/agora.xtec.cat\/ceip-dolorsalmeda-cornella\/wp-json\/wp\/v2\/posts"}],"about":[{"href":"https:\/\/agora.xtec.cat\/ceip-dolorsalmeda-cornella\/wp-json\/wp\/v2\/types\/post"}],"author":[{"embeddable":true,"href":"https:\/\/agora.xtec.cat\/ceip-dolorsalmeda-cornella\/wp-json\/wp\/v2\/users\/6"}],"replies":[{"embeddable":true,"href":"https:\/\/agora.xtec.cat\/ceip-dolorsalmeda-cornella\/wp-json\/wp\/v2\/comments?post=1967"}],"version-history":[{"count":3,"href":"https:\/\/agora.xtec.cat\/ceip-dolorsalmeda-cornella\/wp-json\/wp\/v2\/posts\/1967\/revisions"}],"predecessor-version":[{"id":2002,"href":"https:\/\/agora.xtec.cat\/ceip-dolorsalmeda-cornella\/wp-json\/wp\/v2\/posts\/1967\/revisions\/2002"}],"wp:featuredmedia":[{"embeddable":true,"href":"https:\/\/agora.xtec.cat\/ceip-dolorsalmeda-cornella\/wp-json\/wp\/v2\/media\/1968"}],"wp:attachment":[{"href":"https:\/\/agora.xtec.cat\/ceip-dolorsalmeda-cornella\/wp-json\/wp\/v2\/media?parent=1967"}],"wp:term":[{"taxonomy":"category","embeddable":true,"href":"https:\/\/agora.xtec.cat\/ceip-dolorsalmeda-cornella\/wp-json\/wp\/v2\/categories?post=1967"},{"taxonomy":"post_tag","embeddable":true,"href":"https:\/\/agora.xtec.cat\/ceip-dolorsalmeda-cornella\/wp-json\/wp\/v2\/tags?post=1967"}],"curies":[{"name":"wp","href":"https:\/\/api.w.org\/{rel}","templated":true}]}}